{"id":3086,"date":"2025-12-18T10:34:22","date_gmt":"2025-12-18T10:34:22","guid":{"rendered":"https:\/\/www.grafiquescondal.cat\/?p=3086"},"modified":"2025-12-18T10:34:23","modified_gmt":"2025-12-18T10:34:23","slug":"grafiques-condal-obtient-la-certification-brc-packaging-et-eleve-ses-standards-industriels","status":"publish","type":"post","link":"https:\/\/www.grafiquescondal.cat\/index.php\/fr\/2025\/12\/18\/grafiques-condal-obtient-la-certification-brc-packaging-et-eleve-ses-standards-industriels\/","title":{"rendered":"Gr\u00e0fiques Condal obtient la certification BRC Packaging et \u00e9l\u00e8ve ses standards industriels"},"content":{"rendered":"\n<p>Gr\u00e0fiques Condal franchit une nouvelle \u00e9tape dans sa strat\u00e9gie d\u2019excellence industrielle avec l\u2019obtention de la certification <strong>BRC Packaging<\/strong>, l\u2019un des standards internationaux les plus exigeants en mati\u00e8re de qualit\u00e9, de s\u00e9curit\u00e9 et d\u2019hygi\u00e8ne appliqu\u00e9s \u00e0 la fabrication d\u2019emballages. Cette accr\u00e9ditation, largement reconnue dans le secteur alimentaire, renforce la capacit\u00e9 de l\u2019entreprise \u00e0 proposer des solutions de packaging r\u00e9pondant aux plus hauts niveaux de tra\u00e7abilit\u00e9 et de contr\u00f4le.<\/p>\n\n\n\n<p>Pour l\u2019industrie cosm\u00e9tique, cette avanc\u00e9e implique l\u2019int\u00e9gration de protocoles et de m\u00e9thodologies propres au secteur alimentaire, o\u00f9 l\u2019hygi\u00e8ne et la s\u00e9curit\u00e9 sont essentielles. Le r\u00e9sultat : des processus plus robustes, des contr\u00f4les renforc\u00e9s et des emballages capables de garantir une meilleure protection du produit sans compromettre l\u2019esth\u00e9tique, la finition ni l\u2019identit\u00e9 de marque.<\/p>\n\n\n\n<p>La certification permet \u00e9galement \u00e0 Gr\u00e0fiques Condal d\u2019int\u00e9grer, dans le secteur gourmet, des standards habituellement associ\u00e9s \u00e0 la cosm\u00e9tique premium : pr\u00e9cision d\u2019impression, haute qualit\u00e9 graphique et une attention particuli\u00e8re port\u00e9e au d\u00e9tail comme partie int\u00e9grante de la valeur ajout\u00e9e de l\u2019emballage.<\/p>\n\n\n\n<p>Par cette d\u00e9marche, l\u2019entreprise unifie au sein d\u2019un m\u00eame flux de production les meilleures pratiques des deux univers (cosm\u00e9tique et alimentaire) et consolide un positionnement clair : proposer des emballages alliant s\u00e9curit\u00e9, design et coh\u00e9rence industrielle, avec la confiance comme r\u00e9sultat direct.<\/p>\n","protected":false},"excerpt":{"rendered":"<p>Gr\u00e0fiques Condal franchit une nouvelle \u00e9tape dans sa strat\u00e9gie d\u2019excellence industrielle avec l\u2019obtention de la certification BRC Packaging, l\u2019un des standards internationaux les plus exigeants en mati\u00e8re de qualit\u00e9, de s\u00e9curit\u00e9 et d\u2019hygi\u00e8ne appliqu\u00e9s \u00e0 la fabrication d\u2019emballages. Cette accr\u00e9ditation, largement reconnue dans le secteur alimentaire, renforce la capacit\u00e9 de l\u2019entreprise \u00e0 proposer des solutions &hellip;<\/p>\n<p class=\"read-more\"> <a class=\"\" href=\"https:\/\/www.grafiquescondal.cat\/index.php\/fr\/2025\/12\/18\/grafiques-condal-obtient-la-certification-brc-packaging-et-eleve-ses-standards-industriels\/\"> <span class=\"screen-reader-text\">Gr\u00e0fiques Condal obtient la certification BRC Packaging et \u00e9l\u00e8ve ses standards industriels<\/span> Leer m\u00e1s &raquo;<\/a><\/p>\n","protected":false},"author":2,"featured_media":3075,"comment_status":"closed","ping_status":"closed","sticky":false,"template":"","format":"standard","meta":{"_uag_custom_page_level_css":"","site-sidebar-layout":"default","site-content-layout":"","ast-site-content-layout":"default","site-content-style":"default","site-sidebar-style":"default","ast-global-header-display":"","ast-banner-title-visibility":"","ast-main-header-display":"","ast-hfb-above-header-display":"","ast-hfb-below-header-display":"","ast-hfb-mobile-header-display":"","site-post-title":"","ast-breadcrumbs-content":"","ast-featured-img":"disabled","footer-sml-layout":"","theme-transparent-header-meta":"","adv-header-id-meta":"","stick-header-meta":"","header-above-stick-meta":"","header-main-stick-meta":"","header-below-stick-meta":"","astra-migrate-meta-layouts":"set","ast-page-background-enabled":"default","ast-page-background-meta":{"desktop":{"background-color":"var(--ast-global-color-4)","background-image":"","background-repeat":"repeat","background-position":"center center","background-size":"auto","background-attachment":"scroll","background-type":"","background-media":"","overlay-type":"","overlay-color":"","overlay-gradient":""},"tablet":{"background-color":"","background-image":"","background-repeat":"repeat","background-position":"center center","background-size":"auto","background-attachment":"scroll","background-type":"","background-media":"","overlay-type":"","overlay-color":"","overlay-gradient":""},"mobile":{"background-color":"","background-image":"","background-repeat":"repeat","background-position":"center center","background-size":"auto","background-attachment":"scroll","background-type":"","background-media":"","overlay-type":"","overlay-color":"","overlay-gradient":""}},"ast-content-background-meta":{"desktop":{"background-color":"var(--ast-global-color-5)","background-image":"","background-repeat":"repeat","background-position":"center center","background-size":"auto","background-attachment":"scroll","background-type":"","background-media":"","overlay-type":"","overlay-color":"","overlay-gradient":""},"tablet":{"background-color":"var(--ast-global-color-5)","background-image":"","background-repeat":"repeat","background-position":"center center","background-size":"auto","background-attachment":"scroll","background-type":"","background-media":"","overlay-type":"","overlay-color":"","overlay-gradient":""},"mobile":{"background-color":"var(--ast-global-color-5)","background-image":"","background-repeat":"repeat","background-position":"center center","background-size":"auto","background-attachment":"scroll","background-type":"","background-media":"","overlay-type":"","overlay-color":"","overlay-gradient":""}},"_themeisle_gutenberg_block_has_review":false,"footnotes":""},"categories":[19],"tags":[],"class_list":["post-3086","post","type-post","status-publish","format-standard","has-post-thumbnail","hentry","category-sin-categoria-fr"],"yoast_head":"<!-- This site is optimized with the Yoast SEO plugin v24.0 - https:\/\/yoast.com\/wordpress\/plugins\/seo\/ -->\n<title>Gr\u00e0fiques Condal obtient la certification BRC Packaging et \u00e9l\u00e8ve ses standards industriels - Gr\u00e1ficas Condal SA - Soluciones de packaging personalizadas<\/title>\n<meta name=\"robots\" content=\"index, follow, max-snippet:-1, max-image-preview:large, max-video-preview:-1\" \/>\n<link rel=\"canonical\" href=\"https:\/\/www.grafiquescondal.cat\/index.php\/fr\/2025\/12\/18\/grafiques-condal-obtient-la-certification-brc-packaging-et-eleve-ses-standards-industriels\/\" \/>\n<meta property=\"og:locale\" content=\"es_ES\" \/>\n<meta property=\"og:type\" content=\"article\" \/>\n<meta property=\"og:title\" content=\"Gr\u00e0fiques Condal obtient la certification BRC Packaging et \u00e9l\u00e8ve ses standards industriels - Gr\u00e1ficas Condal SA - Soluciones de packaging personalizadas\" \/>\n<meta property=\"og:description\" content=\"Gr\u00e0fiques Condal franchit une nouvelle \u00e9tape dans sa strat\u00e9gie d\u2019excellence industrielle avec l\u2019obtention de la certification BRC Packaging, l\u2019un des standards internationaux les plus exigeants en mati\u00e8re de qualit\u00e9, de s\u00e9curit\u00e9 et d\u2019hygi\u00e8ne appliqu\u00e9s \u00e0 la fabrication d\u2019emballages. Cette accr\u00e9ditation, largement reconnue dans le secteur alimentaire, renforce la capacit\u00e9 de l\u2019entreprise \u00e0 proposer des solutions &hellip; Gr\u00e0fiques Condal obtient la certification BRC Packaging et \u00e9l\u00e8ve ses standards industriels Leer m\u00e1s &raquo;\" \/>\n<meta property=\"og:url\" content=\"https:\/\/www.grafiquescondal.cat\/index.php\/fr\/2025\/12\/18\/grafiques-condal-obtient-la-certification-brc-packaging-et-eleve-ses-standards-industriels\/\" \/>\n<meta property=\"og:site_name\" content=\"Gr\u00e1ficas Condal SA - Soluciones de packaging personalizadas\" \/>\n<meta property=\"article:published_time\" content=\"2025-12-18T10:34:22+00:00\" \/>\n<meta property=\"article:modified_time\" content=\"2025-12-18T10:34:23+00:00\" \/>\n<meta property=\"og:image\" content=\"https:\/\/grafiquescondal.cat\/wp-content\/uploads\/2025\/12\/nib-articulosentradas-a-retocar-2025-12-12t084311-737_4_1000x563.png\" \/>\n\t<meta property=\"og:image:width\" content=\"1000\" \/>\n\t<meta property=\"og:image:height\" content=\"563\" \/>\n\t<meta property=\"og:image:type\" content=\"image\/png\" \/>\n<meta name=\"author\" content=\"Condal Gr\u00e0fiques\" \/>\n<meta name=\"twitter:card\" content=\"summary_large_image\" \/>\n<meta name=\"twitter:label1\" content=\"Escrito por\" \/>\n\t<meta name=\"twitter:data1\" content=\"Condal Gr\u00e0fiques\" \/>\n\t<meta name=\"twitter:label2\" content=\"Tiempo de lectura\" \/>\n\t<meta name=\"twitter:data2\" content=\"2 minutos\" \/>\n<script type=\"application\/ld+json\" class=\"yoast-schema-graph\">{\"@context\":\"https:\/\/schema.org\",\"@graph\":[{\"@type\":\"Article\",\"@id\":\"https:\/\/www.grafiquescondal.cat\/index.php\/fr\/2025\/12\/18\/grafiques-condal-obtient-la-certification-brc-packaging-et-eleve-ses-standards-industriels\/#article\",\"isPartOf\":{\"@id\":\"https:\/\/www.grafiquescondal.cat\/index.php\/fr\/2025\/12\/18\/grafiques-condal-obtient-la-certification-brc-packaging-et-eleve-ses-standards-industriels\/\"},\"author\":{\"name\":\"Condal Gr\u00e0fiques\",\"@id\":\"https:\/\/www.grafiquescondal.cat\/#\/schema\/person\/ff07f4ad59641b42e5ba878d8fc33189\"},\"headline\":\"Gr\u00e0fiques Condal obtient la certification BRC Packaging et \u00e9l\u00e8ve ses standards industriels\",\"datePublished\":\"2025-12-18T10:34:22+00:00\",\"dateModified\":\"2025-12-18T10:34:23+00:00\",\"mainEntityOfPage\":{\"@id\":\"https:\/\/www.grafiquescondal.cat\/index.php\/fr\/2025\/12\/18\/grafiques-condal-obtient-la-certification-brc-packaging-et-eleve-ses-standards-industriels\/\"},\"wordCount\":263,\"publisher\":{\"@id\":\"https:\/\/www.grafiquescondal.cat\/#organization\"},\"image\":{\"@id\":\"https:\/\/www.grafiquescondal.cat\/index.php\/fr\/2025\/12\/18\/grafiques-condal-obtient-la-certification-brc-packaging-et-eleve-ses-standards-industriels\/#primaryimage\"},\"thumbnailUrl\":\"https:\/\/www.grafiquescondal.cat\/wp-content\/uploads\/2025\/12\/nib-articulosentradas-a-retocar-2025-12-12t084311-737_4_1000x563.png\",\"inLanguage\":\"es\"},{\"@type\":\"WebPage\",\"@id\":\"https:\/\/www.grafiquescondal.cat\/index.php\/fr\/2025\/12\/18\/grafiques-condal-obtient-la-certification-brc-packaging-et-eleve-ses-standards-industriels\/\",\"url\":\"https:\/\/www.grafiquescondal.cat\/index.php\/fr\/2025\/12\/18\/grafiques-condal-obtient-la-certification-brc-packaging-et-eleve-ses-standards-industriels\/\",\"name\":\"Gr\u00e0fiques Condal obtient la certification BRC Packaging et \u00e9l\u00e8ve ses standards industriels - Gr\u00e1ficas Condal SA - Soluciones de packaging personalizadas\",\"isPartOf\":{\"@id\":\"https:\/\/www.grafiquescondal.cat\/#website\"},\"primaryImageOfPage\":{\"@id\":\"https:\/\/www.grafiquescondal.cat\/index.php\/fr\/2025\/12\/18\/grafiques-condal-obtient-la-certification-brc-packaging-et-eleve-ses-standards-industriels\/#primaryimage\"},\"image\":{\"@id\":\"https:\/\/www.grafiquescondal.cat\/index.php\/fr\/2025\/12\/18\/grafiques-condal-obtient-la-certification-brc-packaging-et-eleve-ses-standards-industriels\/#primaryimage\"},\"thumbnailUrl\":\"https:\/\/www.grafiquescondal.cat\/wp-content\/uploads\/2025\/12\/nib-articulosentradas-a-retocar-2025-12-12t084311-737_4_1000x563.png\",\"datePublished\":\"2025-12-18T10:34:22+00:00\",\"dateModified\":\"2025-12-18T10:34:23+00:00\",\"breadcrumb\":{\"@id\":\"https:\/\/www.grafiquescondal.cat\/index.php\/fr\/2025\/12\/18\/grafiques-condal-obtient-la-certification-brc-packaging-et-eleve-ses-standards-industriels\/#breadcrumb\"},\"inLanguage\":\"es\",\"potentialAction\":[{\"@type\":\"ReadAction\",\"target\":[\"https:\/\/www.grafiquescondal.cat\/index.php\/fr\/2025\/12\/18\/grafiques-condal-obtient-la-certification-brc-packaging-et-eleve-ses-standards-industriels\/\"]}]},{\"@type\":\"ImageObject\",\"inLanguage\":\"es\",\"@id\":\"https:\/\/www.grafiquescondal.cat\/index.php\/fr\/2025\/12\/18\/grafiques-condal-obtient-la-certification-brc-packaging-et-eleve-ses-standards-industriels\/#primaryimage\",\"url\":\"https:\/\/www.grafiquescondal.cat\/wp-content\/uploads\/2025\/12\/nib-articulosentradas-a-retocar-2025-12-12t084311-737_4_1000x563.png\",\"contentUrl\":\"https:\/\/www.grafiquescondal.cat\/wp-content\/uploads\/2025\/12\/nib-articulosentradas-a-retocar-2025-12-12t084311-737_4_1000x563.png\",\"width\":1000,\"height\":563},{\"@type\":\"BreadcrumbList\",\"@id\":\"https:\/\/www.grafiquescondal.cat\/index.php\/fr\/2025\/12\/18\/grafiques-condal-obtient-la-certification-brc-packaging-et-eleve-ses-standards-industriels\/#breadcrumb\",\"itemListElement\":[{\"@type\":\"ListItem\",\"position\":1,\"name\":\"Portada\",\"item\":\"https:\/\/www.graficascondal.com\/\"},{\"@type\":\"ListItem\",\"position\":2,\"name\":\"Gr\u00e0fiques Condal obtient la certification BRC Packaging et \u00e9l\u00e8ve ses standards industriels\"}]},{\"@type\":\"WebSite\",\"@id\":\"https:\/\/www.grafiquescondal.cat\/#website\",\"url\":\"https:\/\/www.grafiquescondal.cat\/\",\"name\":\"Gr\u00e1ficas Condal SA - Soluciones de packaging personalizadas\",\"description\":\"Desde hace m\u00e1s de 60 a\u00f1os, producimos soluciones de packaging personalizadas con la m\u00e1xima calidad\",\"publisher\":{\"@id\":\"https:\/\/www.grafiquescondal.cat\/#organization\"},\"alternateName\":\"Gr\u00e1ficas Condal\",\"potentialAction\":[{\"@type\":\"SearchAction\",\"target\":{\"@type\":\"EntryPoint\",\"urlTemplate\":\"https:\/\/www.grafiquescondal.cat\/?s={search_term_string}\"},\"query-input\":{\"@type\":\"PropertyValueSpecification\",\"valueRequired\":true,\"valueName\":\"search_term_string\"}}],\"inLanguage\":\"es\"},{\"@type\":\"Organization\",\"@id\":\"https:\/\/www.grafiquescondal.cat\/#organization\",\"name\":\"Gr\u00e1ficas Condal SA\",\"alternateName\":\"Gr\u00e1ficas Condal\",\"url\":\"https:\/\/www.grafiquescondal.cat\/\",\"logo\":{\"@type\":\"ImageObject\",\"inLanguage\":\"es\",\"@id\":\"https:\/\/www.grafiquescondal.cat\/#\/schema\/logo\/image\/\",\"url\":\"https:\/\/www.grafiquescondal.cat\/wp-content\/uploads\/2023\/10\/logoGC-1.png\",\"contentUrl\":\"https:\/\/www.grafiquescondal.cat\/wp-content\/uploads\/2023\/10\/logoGC-1.png\",\"width\":2048,\"height\":2183,\"caption\":\"Gr\u00e1ficas Condal SA\"},\"image\":{\"@id\":\"https:\/\/www.grafiquescondal.cat\/#\/schema\/logo\/image\/\"},\"sameAs\":[\"https:\/\/www.linkedin.com\/company\/graficas-condal-s-a-\/\"]},{\"@type\":\"Person\",\"@id\":\"https:\/\/www.grafiquescondal.cat\/#\/schema\/person\/ff07f4ad59641b42e5ba878d8fc33189\",\"name\":\"Condal Gr\u00e0fiques\",\"image\":{\"@type\":\"ImageObject\",\"inLanguage\":\"es\",\"@id\":\"https:\/\/www.grafiquescondal.cat\/#\/schema\/person\/image\/\",\"url\":\"https:\/\/secure.gravatar.com\/avatar\/246727eadb2b0f40414c5b138e0d7045d7ddcb0d07ee1f270b59afd258291305?s=96&d=mm&r=g\",\"contentUrl\":\"https:\/\/secure.gravatar.com\/avatar\/246727eadb2b0f40414c5b138e0d7045d7ddcb0d07ee1f270b59afd258291305?s=96&d=mm&r=g\",\"caption\":\"Condal Gr\u00e0fiques\"}}]}<\/script>\n<!-- \/ Yoast SEO plugin. -->","yoast_head_json":{"title":"Gr\u00e0fiques Condal obtient la certification BRC Packaging et \u00e9l\u00e8ve ses standards industriels - Gr\u00e1ficas Condal SA - Soluciones de packaging personalizadas","robots":{"index":"index","follow":"follow","max-snippet":"max-snippet:-1","max-image-preview":"max-image-preview:large","max-video-preview":"max-video-preview:-1"},"canonical":"https:\/\/www.grafiquescondal.cat\/index.php\/fr\/2025\/12\/18\/grafiques-condal-obtient-la-certification-brc-packaging-et-eleve-ses-standards-industriels\/","og_locale":"es_ES","og_type":"article","og_title":"Gr\u00e0fiques Condal obtient la certification BRC Packaging et \u00e9l\u00e8ve ses standards industriels - Gr\u00e1ficas Condal SA - Soluciones de packaging personalizadas","og_description":"Gr\u00e0fiques Condal franchit une nouvelle \u00e9tape dans sa strat\u00e9gie d\u2019excellence industrielle avec l\u2019obtention de la certification BRC Packaging, l\u2019un des standards internationaux les plus exigeants en mati\u00e8re de qualit\u00e9, de s\u00e9curit\u00e9 et d\u2019hygi\u00e8ne appliqu\u00e9s \u00e0 la fabrication d\u2019emballages. Cette accr\u00e9ditation, largement reconnue dans le secteur alimentaire, renforce la capacit\u00e9 de l\u2019entreprise \u00e0 proposer des solutions &hellip; Gr\u00e0fiques Condal obtient la certification BRC Packaging et \u00e9l\u00e8ve ses standards industriels Leer m\u00e1s &raquo;","og_url":"https:\/\/www.grafiquescondal.cat\/index.php\/fr\/2025\/12\/18\/grafiques-condal-obtient-la-certification-brc-packaging-et-eleve-ses-standards-industriels\/","og_site_name":"Gr\u00e1ficas Condal SA - Soluciones de packaging personalizadas","article_published_time":"2025-12-18T10:34:22+00:00","article_modified_time":"2025-12-18T10:34:23+00:00","og_image":[{"width":1000,"height":563,"url":"https:\/\/grafiquescondal.cat\/wp-content\/uploads\/2025\/12\/nib-articulosentradas-a-retocar-2025-12-12t084311-737_4_1000x563.png","type":"image\/png"}],"author":"Condal Gr\u00e0fiques","twitter_card":"summary_large_image","twitter_misc":{"Escrito por":"Condal Gr\u00e0fiques","Tiempo de lectura":"2 minutos"},"schema":{"@context":"https:\/\/schema.org","@graph":[{"@type":"Article","@id":"https:\/\/www.grafiquescondal.cat\/index.php\/fr\/2025\/12\/18\/grafiques-condal-obtient-la-certification-brc-packaging-et-eleve-ses-standards-industriels\/#article","isPartOf":{"@id":"https:\/\/www.grafiquescondal.cat\/index.php\/fr\/2025\/12\/18\/grafiques-condal-obtient-la-certification-brc-packaging-et-eleve-ses-standards-industriels\/"},"author":{"name":"Condal Gr\u00e0fiques","@id":"https:\/\/www.grafiquescondal.cat\/#\/schema\/person\/ff07f4ad59641b42e5ba878d8fc33189"},"headline":"Gr\u00e0fiques Condal obtient la certification BRC Packaging et \u00e9l\u00e8ve ses standards industriels","datePublished":"2025-12-18T10:34:22+00:00","dateModified":"2025-12-18T10:34:23+00:00","mainEntityOfPage":{"@id":"https:\/\/www.grafiquescondal.cat\/index.php\/fr\/2025\/12\/18\/grafiques-condal-obtient-la-certification-brc-packaging-et-eleve-ses-standards-industriels\/"},"wordCount":263,"publisher":{"@id":"https:\/\/www.grafiquescondal.cat\/#organization"},"image":{"@id":"https:\/\/www.grafiquescondal.cat\/index.php\/fr\/2025\/12\/18\/grafiques-condal-obtient-la-certification-brc-packaging-et-eleve-ses-standards-industriels\/#primaryimage"},"thumbnailUrl":"https:\/\/www.grafiquescondal.cat\/wp-content\/uploads\/2025\/12\/nib-articulosentradas-a-retocar-2025-12-12t084311-737_4_1000x563.png","inLanguage":"es"},{"@type":"WebPage","@id":"https:\/\/www.grafiquescondal.cat\/index.php\/fr\/2025\/12\/18\/grafiques-condal-obtient-la-certification-brc-packaging-et-eleve-ses-standards-industriels\/","url":"https:\/\/www.grafiquescondal.cat\/index.php\/fr\/2025\/12\/18\/grafiques-condal-obtient-la-certification-brc-packaging-et-eleve-ses-standards-industriels\/","name":"Gr\u00e0fiques Condal obtient la certification BRC Packaging et \u00e9l\u00e8ve ses standards industriels - Gr\u00e1ficas Condal SA - Soluciones de packaging personalizadas","isPartOf":{"@id":"https:\/\/www.grafiquescondal.cat\/#website"},"primaryImageOfPage":{"@id":"https:\/\/www.grafiquescondal.cat\/index.php\/fr\/2025\/12\/18\/grafiques-condal-obtient-la-certification-brc-packaging-et-eleve-ses-standards-industriels\/#primaryimage"},"image":{"@id":"https:\/\/www.grafiquescondal.cat\/index.php\/fr\/2025\/12\/18\/grafiques-condal-obtient-la-certification-brc-packaging-et-eleve-ses-standards-industriels\/#primaryimage"},"thumbnailUrl":"https:\/\/www.grafiquescondal.cat\/wp-content\/uploads\/2025\/12\/nib-articulosentradas-a-retocar-2025-12-12t084311-737_4_1000x563.png","datePublished":"2025-12-18T10:34:22+00:00","dateModified":"2025-12-18T10:34:23+00:00","breadcrumb":{"@id":"https:\/\/www.grafiquescondal.cat\/index.php\/fr\/2025\/12\/18\/grafiques-condal-obtient-la-certification-brc-packaging-et-eleve-ses-standards-industriels\/#breadcrumb"},"inLanguage":"es","potentialAction":[{"@type":"ReadAction","target":["https:\/\/www.grafiquescondal.cat\/index.php\/fr\/2025\/12\/18\/grafiques-condal-obtient-la-certification-brc-packaging-et-eleve-ses-standards-industriels\/"]}]},{"@type":"ImageObject","inLanguage":"es","@id":"https:\/\/www.grafiquescondal.cat\/index.php\/fr\/2025\/12\/18\/grafiques-condal-obtient-la-certification-brc-packaging-et-eleve-ses-standards-industriels\/#primaryimage","url":"https:\/\/www.grafiquescondal.cat\/wp-content\/uploads\/2025\/12\/nib-articulosentradas-a-retocar-2025-12-12t084311-737_4_1000x563.png","contentUrl":"https:\/\/www.grafiquescondal.cat\/wp-content\/uploads\/2025\/12\/nib-articulosentradas-a-retocar-2025-12-12t084311-737_4_1000x563.png","width":1000,"height":563},{"@type":"BreadcrumbList","@id":"https:\/\/www.grafiquescondal.cat\/index.php\/fr\/2025\/12\/18\/grafiques-condal-obtient-la-certification-brc-packaging-et-eleve-ses-standards-industriels\/#breadcrumb","itemListElement":[{"@type":"ListItem","position":1,"name":"Portada","item":"https:\/\/www.graficascondal.com\/"},{"@type":"ListItem","position":2,"name":"Gr\u00e0fiques Condal obtient la certification BRC Packaging et \u00e9l\u00e8ve ses standards industriels"}]},{"@type":"WebSite","@id":"https:\/\/www.grafiquescondal.cat\/#website","url":"https:\/\/www.grafiquescondal.cat\/","name":"Gr\u00e1ficas Condal SA - Soluciones de packaging personalizadas","description":"Desde hace m\u00e1s de 60 a\u00f1os, producimos soluciones de packaging personalizadas con la m\u00e1xima calidad","publisher":{"@id":"https:\/\/www.grafiquescondal.cat\/#organization"},"alternateName":"Gr\u00e1ficas Condal","potentialAction":[{"@type":"SearchAction","target":{"@type":"EntryPoint","urlTemplate":"https:\/\/www.grafiquescondal.cat\/?s={search_term_string}"},"query-input":{"@type":"PropertyValueSpecification","valueRequired":true,"valueName":"search_term_string"}}],"inLanguage":"es"},{"@type":"Organization","@id":"https:\/\/www.grafiquescondal.cat\/#organization","name":"Gr\u00e1ficas Condal SA","alternateName":"Gr\u00e1ficas Condal","url":"https:\/\/www.grafiquescondal.cat\/","logo":{"@type":"ImageObject","inLanguage":"es","@id":"https:\/\/www.grafiquescondal.cat\/#\/schema\/logo\/image\/","url":"https:\/\/www.grafiquescondal.cat\/wp-content\/uploads\/2023\/10\/logoGC-1.png","contentUrl":"https:\/\/www.grafiquescondal.cat\/wp-content\/uploads\/2023\/10\/logoGC-1.png","width":2048,"height":2183,"caption":"Gr\u00e1ficas Condal SA"},"image":{"@id":"https:\/\/www.grafiquescondal.cat\/#\/schema\/logo\/image\/"},"sameAs":["https:\/\/www.linkedin.com\/company\/graficas-condal-s-a-\/"]},{"@type":"Person","@id":"https:\/\/www.grafiquescondal.cat\/#\/schema\/person\/ff07f4ad59641b42e5ba878d8fc33189","name":"Condal Gr\u00e0fiques","image":{"@type":"ImageObject","inLanguage":"es","@id":"https:\/\/www.grafiquescondal.cat\/#\/schema\/person\/image\/","url":"https:\/\/secure.gravatar.com\/avatar\/246727eadb2b0f40414c5b138e0d7045d7ddcb0d07ee1f270b59afd258291305?s=96&d=mm&r=g","contentUrl":"https:\/\/secure.gravatar.com\/avatar\/246727eadb2b0f40414c5b138e0d7045d7ddcb0d07ee1f270b59afd258291305?s=96&d=mm&r=g","caption":"Condal Gr\u00e0fiques"}}]}},"uagb_featured_image_src":{"full":["https:\/\/www.grafiquescondal.cat\/wp-content\/uploads\/2025\/12\/nib-articulosentradas-a-retocar-2025-12-12t084311-737_4_1000x563.png",1000,563,false],"thumbnail":["https:\/\/www.grafiquescondal.cat\/wp-content\/uploads\/2025\/12\/nib-articulosentradas-a-retocar-2025-12-12t084311-737_4_1000x563-150x150.png",150,150,true],"medium":["https:\/\/www.grafiquescondal.cat\/wp-content\/uploads\/2025\/12\/nib-articulosentradas-a-retocar-2025-12-12t084311-737_4_1000x563-300x169.png",300,169,true],"medium_large":["https:\/\/www.grafiquescondal.cat\/wp-content\/uploads\/2025\/12\/nib-articulosentradas-a-retocar-2025-12-12t084311-737_4_1000x563-768x432.png",768,432,true],"large":["https:\/\/www.grafiquescondal.cat\/wp-content\/uploads\/2025\/12\/nib-articulosentradas-a-retocar-2025-12-12t084311-737_4_1000x563.png",1000,563,false],"1536x1536":["https:\/\/www.grafiquescondal.cat\/wp-content\/uploads\/2025\/12\/nib-articulosentradas-a-retocar-2025-12-12t084311-737_4_1000x563.png",1000,563,false],"2048x2048":["https:\/\/www.grafiquescondal.cat\/wp-content\/uploads\/2025\/12\/nib-articulosentradas-a-retocar-2025-12-12t084311-737_4_1000x563.png",1000,563,false]},"uagb_author_info":{"display_name":"Condal Gr\u00e0fiques","author_link":"https:\/\/www.grafiquescondal.cat\/index.php\/author\/condal\/"},"uagb_comment_info":0,"uagb_excerpt":"Gr\u00e0fiques Condal franchit une nouvelle \u00e9tape dans sa strat\u00e9gie d\u2019excellence industrielle avec l\u2019obtention de la certification BRC Packaging, l\u2019un des standards internationaux les plus exigeants en mati\u00e8re de qualit\u00e9, de s\u00e9curit\u00e9 et d\u2019hygi\u00e8ne appliqu\u00e9s \u00e0 la fabrication d\u2019emballages. Cette accr\u00e9ditation, largement reconnue dans le secteur alimentaire, renforce la capacit\u00e9 de l\u2019entreprise \u00e0 proposer des solutions&hellip;","rttpg_featured_image_url":{"full":["https:\/\/www.grafiquescondal.cat\/wp-content\/uploads\/2025\/12\/nib-articulosentradas-a-retocar-2025-12-12t084311-737_4_1000x563.png",1000,563,false],"landscape":["https:\/\/www.grafiquescondal.cat\/wp-content\/uploads\/2025\/12\/nib-articulosentradas-a-retocar-2025-12-12t084311-737_4_1000x563.png",1000,563,false],"portraits":["https:\/\/www.grafiquescondal.cat\/wp-content\/uploads\/2025\/12\/nib-articulosentradas-a-retocar-2025-12-12t084311-737_4_1000x563.png",1000,563,false],"thumbnail":["https:\/\/www.grafiquescondal.cat\/wp-content\/uploads\/2025\/12\/nib-articulosentradas-a-retocar-2025-12-12t084311-737_4_1000x563-150x150.png",150,150,true],"medium":["https:\/\/www.grafiquescondal.cat\/wp-content\/uploads\/2025\/12\/nib-articulosentradas-a-retocar-2025-12-12t084311-737_4_1000x563-300x169.png",300,169,true],"large":["https:\/\/www.grafiquescondal.cat\/wp-content\/uploads\/2025\/12\/nib-articulosentradas-a-retocar-2025-12-12t084311-737_4_1000x563.png",1000,563,false],"1536x1536":["https:\/\/www.grafiquescondal.cat\/wp-content\/uploads\/2025\/12\/nib-articulosentradas-a-retocar-2025-12-12t084311-737_4_1000x563.png",1000,563,false],"2048x2048":["https:\/\/www.grafiquescondal.cat\/wp-content\/uploads\/2025\/12\/nib-articulosentradas-a-retocar-2025-12-12t084311-737_4_1000x563.png",1000,563,false]},"rttpg_author":{"display_name":"Condal Gr\u00e0fiques","author_link":"https:\/\/www.grafiquescondal.cat\/index.php\/author\/condal\/"},"rttpg_comment":0,"rttpg_category":"<a href=\"https:\/\/www.grafiquescondal.cat\/index.php\/fr\/category\/sin-categoria-fr\/\" rel=\"category tag\">Sin categor\u00eda<\/a>","rttpg_excerpt":"Gr\u00e0fiques Condal franchit une nouvelle \u00e9tape dans sa strat\u00e9gie d\u2019excellence industrielle avec l\u2019obtention de la certification BRC Packaging, l\u2019un des standards internationaux les plus exigeants en mati\u00e8re de qualit\u00e9, de s\u00e9curit\u00e9 et d\u2019hygi\u00e8ne appliqu\u00e9s \u00e0 la fabrication d\u2019emballages. Cette accr\u00e9ditation, largement reconnue dans le secteur alimentaire, renforce la capacit\u00e9 de l\u2019entreprise \u00e0 proposer des solutions&hellip;","_links":{"self":[{"href":"https:\/\/www.grafiquescondal.cat\/index.php\/wp-json\/wp\/v2\/posts\/3086","targetHints":{"allow":["GET"]}}],"collection":[{"href":"https:\/\/www.grafiquescondal.cat\/index.php\/wp-json\/wp\/v2\/posts"}],"about":[{"href":"https:\/\/www.grafiquescondal.cat\/index.php\/wp-json\/wp\/v2\/types\/post"}],"author":[{"embeddable":true,"href":"https:\/\/www.grafiquescondal.cat\/index.php\/wp-json\/wp\/v2\/users\/2"}],"replies":[{"embeddable":true,"href":"https:\/\/www.grafiquescondal.cat\/index.php\/wp-json\/wp\/v2\/comments?post=3086"}],"version-history":[{"count":1,"href":"https:\/\/www.grafiquescondal.cat\/index.php\/wp-json\/wp\/v2\/posts\/3086\/revisions"}],"predecessor-version":[{"id":3087,"href":"https:\/\/www.grafiquescondal.cat\/index.php\/wp-json\/wp\/v2\/posts\/3086\/revisions\/3087"}],"wp:featuredmedia":[{"embeddable":true,"href":"https:\/\/www.grafiquescondal.cat\/index.php\/wp-json\/wp\/v2\/media\/3075"}],"wp:attachment":[{"href":"https:\/\/www.grafiquescondal.cat\/index.php\/wp-json\/wp\/v2\/media?parent=3086"}],"wp:term":[{"taxonomy":"category","embeddable":true,"href":"https:\/\/www.grafiquescondal.cat\/index.php\/wp-json\/wp\/v2\/categories?post=3086"},{"taxonomy":"post_tag","embeddable":true,"href":"https:\/\/www.grafiquescondal.cat\/index.php\/wp-json\/wp\/v2\/tags?post=3086"}],"curies":[{"name":"wp","href":"https:\/\/api.w.org\/{rel}","templated":true}]}}