{"id":3084,"date":"2025-12-18T10:32:24","date_gmt":"2025-12-18T10:32:24","guid":{"rendered":"https:\/\/www.grafiquescondal.cat\/?p=3084"},"modified":"2025-12-18T10:32:25","modified_gmt":"2025-12-18T10:32:25","slug":"grafiques-condal-obte-la-certificacio-brc-packaging-i-eleva-els-seus-estandards-industrials","status":"publish","type":"post","link":"https:\/\/www.grafiquescondal.cat\/index.php\/ca\/2025\/12\/18\/grafiques-condal-obte-la-certificacio-brc-packaging-i-eleva-els-seus-estandards-industrials\/","title":{"rendered":"Gr\u00e0fiques Condal obt\u00e9 la certificaci\u00f3 BRC Packaging i eleva els seus est\u00e0ndards industrials"},"content":{"rendered":"\n<p>Gr\u00e0fiques Condal suma una nova fita en la seva estrat\u00e8gia d\u2019excel\u00b7l\u00e8ncia industrial amb l\u2019obtenci\u00f3 de la certificaci\u00f3 <strong>BRC Packaging<\/strong>, un dels est\u00e0ndards internacionals m\u00e9s exigents en qualitat, seguretat i higiene aplicats a la fabricaci\u00f3 d\u2019envasos. Aquesta acreditaci\u00f3, \u00e0mpliament reconeguda en el sector alimentari, refor\u00e7a la capacitat de la companyia per oferir solucions de packaging que compleixen els nivells m\u00e9s alts de tra\u00e7abilitat i control.<\/p>\n\n\n\n<p>Per a la ind\u00fastria cosm\u00e8tica, aquest avan\u00e7 suposa la incorporaci\u00f3 de protocols i metodologies pr\u00f2pies de l\u2019\u00e0mbit alimentari, on la higiene i la seguretat s\u00f3n cr\u00edtiques. El resultat: processos m\u00e9s robustos, controls refor\u00e7ats i envasos capa\u00e7os de garantir una major protecci\u00f3 del producte sense comprometre l\u2019est\u00e8tica, l\u2019acabat ni la identitat de marca.<\/p>\n\n\n\n<p>La certificaci\u00f3 tamb\u00e9 permet a Gr\u00e0fiques Condal integrar, en el sector gourmet, est\u00e0ndards habituals en la cosm\u00e8tica premium: precisi\u00f3 en la impressi\u00f3, alta qualitat gr\u00e0fica i una visi\u00f3 orientada al detall com a part del valor afegit de l\u2019env\u00e0s.<\/p>\n\n\n\n<p>Amb aquest moviment, la companyia unifica en un mateix flux de producci\u00f3 les millors pr\u00e0ctiques d\u2019ambd\u00f3s universos (cosm\u00e8tic i alimentari) i consolida un posicionament clar: oferir packaging que combina seguretat, disseny i consist\u00e8ncia industrial, amb la confian\u00e7a com a resultat directe.<\/p>\n","protected":false},"excerpt":{"rendered":"<p>Gr\u00e0fiques Condal suma una nova fita en la seva estrat\u00e8gia d\u2019excel\u00b7l\u00e8ncia industrial amb l\u2019obtenci\u00f3 de la certificaci\u00f3 BRC Packaging, un dels est\u00e0ndards internacionals m\u00e9s exigents en qualitat, seguretat i higiene aplicats a la fabricaci\u00f3 d\u2019envasos. Aquesta acreditaci\u00f3, \u00e0mpliament reconeguda en el sector alimentari, refor\u00e7a la capacitat de la companyia per oferir solucions de packaging que &hellip;<\/p>\n<p class=\"read-more\"> <a class=\"\" href=\"https:\/\/www.grafiquescondal.cat\/index.php\/ca\/2025\/12\/18\/grafiques-condal-obte-la-certificacio-brc-packaging-i-eleva-els-seus-estandards-industrials\/\"> <span class=\"screen-reader-text\">Gr\u00e0fiques Condal obt\u00e9 la certificaci\u00f3 BRC Packaging i eleva els seus est\u00e0ndards industrials<\/span> Leer m\u00e1s &raquo;<\/a><\/p>\n","protected":false},"author":2,"featured_media":3075,"comment_status":"closed","ping_status":"closed","sticky":false,"template":"","format":"standard","meta":{"_uag_custom_page_level_css":"","site-sidebar-layout":"default","site-content-layout":"","ast-site-content-layout":"default","site-content-style":"default","site-sidebar-style":"default","ast-global-header-display":"","ast-banner-title-visibility":"","ast-main-header-display":"","ast-hfb-above-header-display":"","ast-hfb-below-header-display":"","ast-hfb-mobile-header-display":"","site-post-title":"","ast-breadcrumbs-content":"","ast-featured-img":"disabled","footer-sml-layout":"","theme-transparent-header-meta":"","adv-header-id-meta":"","stick-header-meta":"","header-above-stick-meta":"","header-main-stick-meta":"","header-below-stick-meta":"","astra-migrate-meta-layouts":"set","ast-page-background-enabled":"default","ast-page-background-meta":{"desktop":{"background-color":"var(--ast-global-color-4)","background-image":"","background-repeat":"repeat","background-position":"center center","background-size":"auto","background-attachment":"scroll","background-type":"","background-media":"","overlay-type":"","overlay-color":"","overlay-gradient":""},"tablet":{"background-color":"","background-image":"","background-repeat":"repeat","background-position":"center center","background-size":"auto","background-attachment":"scroll","background-type":"","background-media":"","overlay-type":"","overlay-color":"","overlay-gradient":""},"mobile":{"background-color":"","background-image":"","background-repeat":"repeat","background-position":"center center","background-size":"auto","background-attachment":"scroll","background-type":"","background-media":"","overlay-type":"","overlay-color":"","overlay-gradient":""}},"ast-content-background-meta":{"desktop":{"background-color":"var(--ast-global-color-5)","background-image":"","background-repeat":"repeat","background-position":"center center","background-size":"auto","background-attachment":"scroll","background-type":"","background-media":"","overlay-type":"","overlay-color":"","overlay-gradient":""},"tablet":{"background-color":"var(--ast-global-color-5)","background-image":"","background-repeat":"repeat","background-position":"center center","background-size":"auto","background-attachment":"scroll","background-type":"","background-media":"","overlay-type":"","overlay-color":"","overlay-gradient":""},"mobile":{"background-color":"var(--ast-global-color-5)","background-image":"","background-repeat":"repeat","background-position":"center center","background-size":"auto","background-attachment":"scroll","background-type":"","background-media":"","overlay-type":"","overlay-color":"","overlay-gradient":""}},"_themeisle_gutenberg_block_has_review":false,"footnotes":""},"categories":[37],"tags":[],"class_list":["post-3084","post","type-post","status-publish","format-standard","has-post-thumbnail","hentry","category-sin-categoria-ca"],"yoast_head":"<!-- This site is optimized with the Yoast SEO plugin v24.0 - https:\/\/yoast.com\/wordpress\/plugins\/seo\/ -->\n<title>Gr\u00e0fiques Condal obt\u00e9 la certificaci\u00f3 BRC Packaging i eleva els seus est\u00e0ndards industrials - Gr\u00e1ficas Condal SA - Soluciones de packaging personalizadas<\/title>\n<meta name=\"robots\" content=\"index, follow, max-snippet:-1, max-image-preview:large, max-video-preview:-1\" \/>\n<link rel=\"canonical\" href=\"https:\/\/www.grafiquescondal.cat\/index.php\/ca\/2025\/12\/18\/grafiques-condal-obte-la-certificacio-brc-packaging-i-eleva-els-seus-estandards-industrials\/\" \/>\n<meta property=\"og:locale\" content=\"es_ES\" \/>\n<meta property=\"og:type\" content=\"article\" \/>\n<meta property=\"og:title\" content=\"Gr\u00e0fiques Condal obt\u00e9 la certificaci\u00f3 BRC Packaging i eleva els seus est\u00e0ndards industrials - Gr\u00e1ficas Condal SA - Soluciones de packaging personalizadas\" \/>\n<meta property=\"og:description\" content=\"Gr\u00e0fiques Condal suma una nova fita en la seva estrat\u00e8gia d\u2019excel\u00b7l\u00e8ncia industrial amb l\u2019obtenci\u00f3 de la certificaci\u00f3 BRC Packaging, un dels est\u00e0ndards internacionals m\u00e9s exigents en qualitat, seguretat i higiene aplicats a la fabricaci\u00f3 d\u2019envasos. Aquesta acreditaci\u00f3, \u00e0mpliament reconeguda en el sector alimentari, refor\u00e7a la capacitat de la companyia per oferir solucions de packaging que &hellip; Gr\u00e0fiques Condal obt\u00e9 la certificaci\u00f3 BRC Packaging i eleva els seus est\u00e0ndards industrials Leer m\u00e1s &raquo;\" \/>\n<meta property=\"og:url\" content=\"https:\/\/www.grafiquescondal.cat\/index.php\/ca\/2025\/12\/18\/grafiques-condal-obte-la-certificacio-brc-packaging-i-eleva-els-seus-estandards-industrials\/\" \/>\n<meta property=\"og:site_name\" content=\"Gr\u00e1ficas Condal SA - Soluciones de packaging personalizadas\" \/>\n<meta property=\"article:published_time\" content=\"2025-12-18T10:32:24+00:00\" \/>\n<meta property=\"article:modified_time\" content=\"2025-12-18T10:32:25+00:00\" \/>\n<meta property=\"og:image\" content=\"https:\/\/www.grafiquescondal.cat\/wp-content\/uploads\/2025\/12\/nib-articulosentradas-a-retocar-2025-12-12t084311-737_4_1000x563.png\" \/>\n\t<meta property=\"og:image:width\" content=\"1000\" \/>\n\t<meta property=\"og:image:height\" content=\"563\" \/>\n\t<meta property=\"og:image:type\" content=\"image\/png\" \/>\n<meta name=\"author\" content=\"Condal Gr\u00e0fiques\" \/>\n<meta name=\"twitter:card\" content=\"summary_large_image\" \/>\n<meta name=\"twitter:label1\" content=\"Escrito por\" \/>\n\t<meta name=\"twitter:data1\" content=\"Condal Gr\u00e0fiques\" \/>\n\t<meta name=\"twitter:label2\" content=\"Tiempo de lectura\" \/>\n\t<meta name=\"twitter:data2\" content=\"2 minutos\" \/>\n<script type=\"application\/ld+json\" class=\"yoast-schema-graph\">{\"@context\":\"https:\/\/schema.org\",\"@graph\":[{\"@type\":\"Article\",\"@id\":\"https:\/\/www.grafiquescondal.cat\/index.php\/ca\/2025\/12\/18\/grafiques-condal-obte-la-certificacio-brc-packaging-i-eleva-els-seus-estandards-industrials\/#article\",\"isPartOf\":{\"@id\":\"https:\/\/www.grafiquescondal.cat\/index.php\/ca\/2025\/12\/18\/grafiques-condal-obte-la-certificacio-brc-packaging-i-eleva-els-seus-estandards-industrials\/\"},\"author\":{\"name\":\"Condal Gr\u00e0fiques\",\"@id\":\"https:\/\/www.grafiquescondal.cat\/#\/schema\/person\/ff07f4ad59641b42e5ba878d8fc33189\"},\"headline\":\"Gr\u00e0fiques Condal obt\u00e9 la certificaci\u00f3 BRC Packaging i eleva els seus est\u00e0ndards industrials\",\"datePublished\":\"2025-12-18T10:32:24+00:00\",\"dateModified\":\"2025-12-18T10:32:25+00:00\",\"mainEntityOfPage\":{\"@id\":\"https:\/\/www.grafiquescondal.cat\/index.php\/ca\/2025\/12\/18\/grafiques-condal-obte-la-certificacio-brc-packaging-i-eleva-els-seus-estandards-industrials\/\"},\"wordCount\":247,\"publisher\":{\"@id\":\"https:\/\/www.grafiquescondal.cat\/#organization\"},\"image\":{\"@id\":\"https:\/\/www.grafiquescondal.cat\/index.php\/ca\/2025\/12\/18\/grafiques-condal-obte-la-certificacio-brc-packaging-i-eleva-els-seus-estandards-industrials\/#primaryimage\"},\"thumbnailUrl\":\"https:\/\/www.grafiquescondal.cat\/wp-content\/uploads\/2025\/12\/nib-articulosentradas-a-retocar-2025-12-12t084311-737_4_1000x563.png\",\"inLanguage\":\"es\"},{\"@type\":\"WebPage\",\"@id\":\"https:\/\/www.grafiquescondal.cat\/index.php\/ca\/2025\/12\/18\/grafiques-condal-obte-la-certificacio-brc-packaging-i-eleva-els-seus-estandards-industrials\/\",\"url\":\"https:\/\/www.grafiquescondal.cat\/index.php\/ca\/2025\/12\/18\/grafiques-condal-obte-la-certificacio-brc-packaging-i-eleva-els-seus-estandards-industrials\/\",\"name\":\"Gr\u00e0fiques Condal obt\u00e9 la certificaci\u00f3 BRC Packaging i eleva els seus est\u00e0ndards industrials - Gr\u00e1ficas Condal SA - Soluciones de packaging personalizadas\",\"isPartOf\":{\"@id\":\"https:\/\/www.grafiquescondal.cat\/#website\"},\"primaryImageOfPage\":{\"@id\":\"https:\/\/www.grafiquescondal.cat\/index.php\/ca\/2025\/12\/18\/grafiques-condal-obte-la-certificacio-brc-packaging-i-eleva-els-seus-estandards-industrials\/#primaryimage\"},\"image\":{\"@id\":\"https:\/\/www.grafiquescondal.cat\/index.php\/ca\/2025\/12\/18\/grafiques-condal-obte-la-certificacio-brc-packaging-i-eleva-els-seus-estandards-industrials\/#primaryimage\"},\"thumbnailUrl\":\"https:\/\/www.grafiquescondal.cat\/wp-content\/uploads\/2025\/12\/nib-articulosentradas-a-retocar-2025-12-12t084311-737_4_1000x563.png\",\"datePublished\":\"2025-12-18T10:32:24+00:00\",\"dateModified\":\"2025-12-18T10:32:25+00:00\",\"breadcrumb\":{\"@id\":\"https:\/\/www.grafiquescondal.cat\/index.php\/ca\/2025\/12\/18\/grafiques-condal-obte-la-certificacio-brc-packaging-i-eleva-els-seus-estandards-industrials\/#breadcrumb\"},\"inLanguage\":\"es\",\"potentialAction\":[{\"@type\":\"ReadAction\",\"target\":[\"https:\/\/www.grafiquescondal.cat\/index.php\/ca\/2025\/12\/18\/grafiques-condal-obte-la-certificacio-brc-packaging-i-eleva-els-seus-estandards-industrials\/\"]}]},{\"@type\":\"ImageObject\",\"inLanguage\":\"es\",\"@id\":\"https:\/\/www.grafiquescondal.cat\/index.php\/ca\/2025\/12\/18\/grafiques-condal-obte-la-certificacio-brc-packaging-i-eleva-els-seus-estandards-industrials\/#primaryimage\",\"url\":\"https:\/\/www.grafiquescondal.cat\/wp-content\/uploads\/2025\/12\/nib-articulosentradas-a-retocar-2025-12-12t084311-737_4_1000x563.png\",\"contentUrl\":\"https:\/\/www.grafiquescondal.cat\/wp-content\/uploads\/2025\/12\/nib-articulosentradas-a-retocar-2025-12-12t084311-737_4_1000x563.png\",\"width\":1000,\"height\":563},{\"@type\":\"BreadcrumbList\",\"@id\":\"https:\/\/www.grafiquescondal.cat\/index.php\/ca\/2025\/12\/18\/grafiques-condal-obte-la-certificacio-brc-packaging-i-eleva-els-seus-estandards-industrials\/#breadcrumb\",\"itemListElement\":[{\"@type\":\"ListItem\",\"position\":1,\"name\":\"Portada\",\"item\":\"https:\/\/www.graficascondal.com\/\"},{\"@type\":\"ListItem\",\"position\":2,\"name\":\"Gr\u00e0fiques Condal obt\u00e9 la certificaci\u00f3 BRC Packaging i eleva els seus est\u00e0ndards industrials\"}]},{\"@type\":\"WebSite\",\"@id\":\"https:\/\/www.grafiquescondal.cat\/#website\",\"url\":\"https:\/\/www.grafiquescondal.cat\/\",\"name\":\"Gr\u00e1ficas Condal SA - Soluciones de packaging personalizadas\",\"description\":\"Desde hace m\u00e1s de 60 a\u00f1os, producimos soluciones de packaging personalizadas con la m\u00e1xima calidad\",\"publisher\":{\"@id\":\"https:\/\/www.grafiquescondal.cat\/#organization\"},\"alternateName\":\"Gr\u00e1ficas Condal\",\"potentialAction\":[{\"@type\":\"SearchAction\",\"target\":{\"@type\":\"EntryPoint\",\"urlTemplate\":\"https:\/\/www.grafiquescondal.cat\/?s={search_term_string}\"},\"query-input\":{\"@type\":\"PropertyValueSpecification\",\"valueRequired\":true,\"valueName\":\"search_term_string\"}}],\"inLanguage\":\"es\"},{\"@type\":\"Organization\",\"@id\":\"https:\/\/www.grafiquescondal.cat\/#organization\",\"name\":\"Gr\u00e1ficas Condal SA\",\"alternateName\":\"Gr\u00e1ficas Condal\",\"url\":\"https:\/\/www.grafiquescondal.cat\/\",\"logo\":{\"@type\":\"ImageObject\",\"inLanguage\":\"es\",\"@id\":\"https:\/\/www.grafiquescondal.cat\/#\/schema\/logo\/image\/\",\"url\":\"https:\/\/www.grafiquescondal.cat\/wp-content\/uploads\/2023\/10\/logoGC-1.png\",\"contentUrl\":\"https:\/\/www.grafiquescondal.cat\/wp-content\/uploads\/2023\/10\/logoGC-1.png\",\"width\":2048,\"height\":2183,\"caption\":\"Gr\u00e1ficas Condal SA\"},\"image\":{\"@id\":\"https:\/\/www.grafiquescondal.cat\/#\/schema\/logo\/image\/\"},\"sameAs\":[\"https:\/\/www.linkedin.com\/company\/graficas-condal-s-a-\/\"]},{\"@type\":\"Person\",\"@id\":\"https:\/\/www.grafiquescondal.cat\/#\/schema\/person\/ff07f4ad59641b42e5ba878d8fc33189\",\"name\":\"Condal Gr\u00e0fiques\",\"image\":{\"@type\":\"ImageObject\",\"inLanguage\":\"es\",\"@id\":\"https:\/\/www.grafiquescondal.cat\/#\/schema\/person\/image\/\",\"url\":\"https:\/\/secure.gravatar.com\/avatar\/246727eadb2b0f40414c5b138e0d7045d7ddcb0d07ee1f270b59afd258291305?s=96&d=mm&r=g\",\"contentUrl\":\"https:\/\/secure.gravatar.com\/avatar\/246727eadb2b0f40414c5b138e0d7045d7ddcb0d07ee1f270b59afd258291305?s=96&d=mm&r=g\",\"caption\":\"Condal Gr\u00e0fiques\"}}]}<\/script>\n<!-- \/ Yoast SEO plugin. -->","yoast_head_json":{"title":"Gr\u00e0fiques Condal obt\u00e9 la certificaci\u00f3 BRC Packaging i eleva els seus est\u00e0ndards industrials - Gr\u00e1ficas Condal SA - Soluciones de packaging personalizadas","robots":{"index":"index","follow":"follow","max-snippet":"max-snippet:-1","max-image-preview":"max-image-preview:large","max-video-preview":"max-video-preview:-1"},"canonical":"https:\/\/www.grafiquescondal.cat\/index.php\/ca\/2025\/12\/18\/grafiques-condal-obte-la-certificacio-brc-packaging-i-eleva-els-seus-estandards-industrials\/","og_locale":"es_ES","og_type":"article","og_title":"Gr\u00e0fiques Condal obt\u00e9 la certificaci\u00f3 BRC Packaging i eleva els seus est\u00e0ndards industrials - Gr\u00e1ficas Condal SA - Soluciones de packaging personalizadas","og_description":"Gr\u00e0fiques Condal suma una nova fita en la seva estrat\u00e8gia d\u2019excel\u00b7l\u00e8ncia industrial amb l\u2019obtenci\u00f3 de la certificaci\u00f3 BRC Packaging, un dels est\u00e0ndards internacionals m\u00e9s exigents en qualitat, seguretat i higiene aplicats a la fabricaci\u00f3 d\u2019envasos. Aquesta acreditaci\u00f3, \u00e0mpliament reconeguda en el sector alimentari, refor\u00e7a la capacitat de la companyia per oferir solucions de packaging que &hellip; Gr\u00e0fiques Condal obt\u00e9 la certificaci\u00f3 BRC Packaging i eleva els seus est\u00e0ndards industrials Leer m\u00e1s &raquo;","og_url":"https:\/\/www.grafiquescondal.cat\/index.php\/ca\/2025\/12\/18\/grafiques-condal-obte-la-certificacio-brc-packaging-i-eleva-els-seus-estandards-industrials\/","og_site_name":"Gr\u00e1ficas Condal SA - Soluciones de packaging personalizadas","article_published_time":"2025-12-18T10:32:24+00:00","article_modified_time":"2025-12-18T10:32:25+00:00","og_image":[{"width":1000,"height":563,"url":"https:\/\/www.grafiquescondal.cat\/wp-content\/uploads\/2025\/12\/nib-articulosentradas-a-retocar-2025-12-12t084311-737_4_1000x563.png","type":"image\/png"}],"author":"Condal Gr\u00e0fiques","twitter_card":"summary_large_image","twitter_misc":{"Escrito por":"Condal Gr\u00e0fiques","Tiempo de lectura":"2 minutos"},"schema":{"@context":"https:\/\/schema.org","@graph":[{"@type":"Article","@id":"https:\/\/www.grafiquescondal.cat\/index.php\/ca\/2025\/12\/18\/grafiques-condal-obte-la-certificacio-brc-packaging-i-eleva-els-seus-estandards-industrials\/#article","isPartOf":{"@id":"https:\/\/www.grafiquescondal.cat\/index.php\/ca\/2025\/12\/18\/grafiques-condal-obte-la-certificacio-brc-packaging-i-eleva-els-seus-estandards-industrials\/"},"author":{"name":"Condal Gr\u00e0fiques","@id":"https:\/\/www.grafiquescondal.cat\/#\/schema\/person\/ff07f4ad59641b42e5ba878d8fc33189"},"headline":"Gr\u00e0fiques Condal obt\u00e9 la certificaci\u00f3 BRC Packaging i eleva els seus est\u00e0ndards industrials","datePublished":"2025-12-18T10:32:24+00:00","dateModified":"2025-12-18T10:32:25+00:00","mainEntityOfPage":{"@id":"https:\/\/www.grafiquescondal.cat\/index.php\/ca\/2025\/12\/18\/grafiques-condal-obte-la-certificacio-brc-packaging-i-eleva-els-seus-estandards-industrials\/"},"wordCount":247,"publisher":{"@id":"https:\/\/www.grafiquescondal.cat\/#organization"},"image":{"@id":"https:\/\/www.grafiquescondal.cat\/index.php\/ca\/2025\/12\/18\/grafiques-condal-obte-la-certificacio-brc-packaging-i-eleva-els-seus-estandards-industrials\/#primaryimage"},"thumbnailUrl":"https:\/\/www.grafiquescondal.cat\/wp-content\/uploads\/2025\/12\/nib-articulosentradas-a-retocar-2025-12-12t084311-737_4_1000x563.png","inLanguage":"es"},{"@type":"WebPage","@id":"https:\/\/www.grafiquescondal.cat\/index.php\/ca\/2025\/12\/18\/grafiques-condal-obte-la-certificacio-brc-packaging-i-eleva-els-seus-estandards-industrials\/","url":"https:\/\/www.grafiquescondal.cat\/index.php\/ca\/2025\/12\/18\/grafiques-condal-obte-la-certificacio-brc-packaging-i-eleva-els-seus-estandards-industrials\/","name":"Gr\u00e0fiques Condal obt\u00e9 la certificaci\u00f3 BRC Packaging i eleva els seus est\u00e0ndards industrials - Gr\u00e1ficas Condal SA - Soluciones de packaging personalizadas","isPartOf":{"@id":"https:\/\/www.grafiquescondal.cat\/#website"},"primaryImageOfPage":{"@id":"https:\/\/www.grafiquescondal.cat\/index.php\/ca\/2025\/12\/18\/grafiques-condal-obte-la-certificacio-brc-packaging-i-eleva-els-seus-estandards-industrials\/#primaryimage"},"image":{"@id":"https:\/\/www.grafiquescondal.cat\/index.php\/ca\/2025\/12\/18\/grafiques-condal-obte-la-certificacio-brc-packaging-i-eleva-els-seus-estandards-industrials\/#primaryimage"},"thumbnailUrl":"https:\/\/www.grafiquescondal.cat\/wp-content\/uploads\/2025\/12\/nib-articulosentradas-a-retocar-2025-12-12t084311-737_4_1000x563.png","datePublished":"2025-12-18T10:32:24+00:00","dateModified":"2025-12-18T10:32:25+00:00","breadcrumb":{"@id":"https:\/\/www.grafiquescondal.cat\/index.php\/ca\/2025\/12\/18\/grafiques-condal-obte-la-certificacio-brc-packaging-i-eleva-els-seus-estandards-industrials\/#breadcrumb"},"inLanguage":"es","potentialAction":[{"@type":"ReadAction","target":["https:\/\/www.grafiquescondal.cat\/index.php\/ca\/2025\/12\/18\/grafiques-condal-obte-la-certificacio-brc-packaging-i-eleva-els-seus-estandards-industrials\/"]}]},{"@type":"ImageObject","inLanguage":"es","@id":"https:\/\/www.grafiquescondal.cat\/index.php\/ca\/2025\/12\/18\/grafiques-condal-obte-la-certificacio-brc-packaging-i-eleva-els-seus-estandards-industrials\/#primaryimage","url":"https:\/\/www.grafiquescondal.cat\/wp-content\/uploads\/2025\/12\/nib-articulosentradas-a-retocar-2025-12-12t084311-737_4_1000x563.png","contentUrl":"https:\/\/www.grafiquescondal.cat\/wp-content\/uploads\/2025\/12\/nib-articulosentradas-a-retocar-2025-12-12t084311-737_4_1000x563.png","width":1000,"height":563},{"@type":"BreadcrumbList","@id":"https:\/\/www.grafiquescondal.cat\/index.php\/ca\/2025\/12\/18\/grafiques-condal-obte-la-certificacio-brc-packaging-i-eleva-els-seus-estandards-industrials\/#breadcrumb","itemListElement":[{"@type":"ListItem","position":1,"name":"Portada","item":"https:\/\/www.graficascondal.com\/"},{"@type":"ListItem","position":2,"name":"Gr\u00e0fiques Condal obt\u00e9 la certificaci\u00f3 BRC Packaging i eleva els seus est\u00e0ndards industrials"}]},{"@type":"WebSite","@id":"https:\/\/www.grafiquescondal.cat\/#website","url":"https:\/\/www.grafiquescondal.cat\/","name":"Gr\u00e1ficas Condal SA - Soluciones de packaging personalizadas","description":"Desde hace m\u00e1s de 60 a\u00f1os, producimos soluciones de packaging personalizadas con la m\u00e1xima calidad","publisher":{"@id":"https:\/\/www.grafiquescondal.cat\/#organization"},"alternateName":"Gr\u00e1ficas Condal","potentialAction":[{"@type":"SearchAction","target":{"@type":"EntryPoint","urlTemplate":"https:\/\/www.grafiquescondal.cat\/?s={search_term_string}"},"query-input":{"@type":"PropertyValueSpecification","valueRequired":true,"valueName":"search_term_string"}}],"inLanguage":"es"},{"@type":"Organization","@id":"https:\/\/www.grafiquescondal.cat\/#organization","name":"Gr\u00e1ficas Condal SA","alternateName":"Gr\u00e1ficas Condal","url":"https:\/\/www.grafiquescondal.cat\/","logo":{"@type":"ImageObject","inLanguage":"es","@id":"https:\/\/www.grafiquescondal.cat\/#\/schema\/logo\/image\/","url":"https:\/\/www.grafiquescondal.cat\/wp-content\/uploads\/2023\/10\/logoGC-1.png","contentUrl":"https:\/\/www.grafiquescondal.cat\/wp-content\/uploads\/2023\/10\/logoGC-1.png","width":2048,"height":2183,"caption":"Gr\u00e1ficas Condal SA"},"image":{"@id":"https:\/\/www.grafiquescondal.cat\/#\/schema\/logo\/image\/"},"sameAs":["https:\/\/www.linkedin.com\/company\/graficas-condal-s-a-\/"]},{"@type":"Person","@id":"https:\/\/www.grafiquescondal.cat\/#\/schema\/person\/ff07f4ad59641b42e5ba878d8fc33189","name":"Condal Gr\u00e0fiques","image":{"@type":"ImageObject","inLanguage":"es","@id":"https:\/\/www.grafiquescondal.cat\/#\/schema\/person\/image\/","url":"https:\/\/secure.gravatar.com\/avatar\/246727eadb2b0f40414c5b138e0d7045d7ddcb0d07ee1f270b59afd258291305?s=96&d=mm&r=g","contentUrl":"https:\/\/secure.gravatar.com\/avatar\/246727eadb2b0f40414c5b138e0d7045d7ddcb0d07ee1f270b59afd258291305?s=96&d=mm&r=g","caption":"Condal Gr\u00e0fiques"}}]}},"uagb_featured_image_src":{"full":["https:\/\/www.grafiquescondal.cat\/wp-content\/uploads\/2025\/12\/nib-articulosentradas-a-retocar-2025-12-12t084311-737_4_1000x563.png",1000,563,false],"thumbnail":["https:\/\/www.grafiquescondal.cat\/wp-content\/uploads\/2025\/12\/nib-articulosentradas-a-retocar-2025-12-12t084311-737_4_1000x563-150x150.png",150,150,true],"medium":["https:\/\/www.grafiquescondal.cat\/wp-content\/uploads\/2025\/12\/nib-articulosentradas-a-retocar-2025-12-12t084311-737_4_1000x563-300x169.png",300,169,true],"medium_large":["https:\/\/www.grafiquescondal.cat\/wp-content\/uploads\/2025\/12\/nib-articulosentradas-a-retocar-2025-12-12t084311-737_4_1000x563-768x432.png",768,432,true],"large":["https:\/\/www.grafiquescondal.cat\/wp-content\/uploads\/2025\/12\/nib-articulosentradas-a-retocar-2025-12-12t084311-737_4_1000x563.png",1000,563,false],"1536x1536":["https:\/\/www.grafiquescondal.cat\/wp-content\/uploads\/2025\/12\/nib-articulosentradas-a-retocar-2025-12-12t084311-737_4_1000x563.png",1000,563,false],"2048x2048":["https:\/\/www.grafiquescondal.cat\/wp-content\/uploads\/2025\/12\/nib-articulosentradas-a-retocar-2025-12-12t084311-737_4_1000x563.png",1000,563,false]},"uagb_author_info":{"display_name":"Condal Gr\u00e0fiques","author_link":"https:\/\/www.grafiquescondal.cat\/index.php\/author\/condal\/"},"uagb_comment_info":0,"uagb_excerpt":"Gr\u00e0fiques Condal suma una nova fita en la seva estrat\u00e8gia d\u2019excel\u00b7l\u00e8ncia industrial amb l\u2019obtenci\u00f3 de la certificaci\u00f3 BRC Packaging, un dels est\u00e0ndards internacionals m\u00e9s exigents en qualitat, seguretat i higiene aplicats a la fabricaci\u00f3 d\u2019envasos. Aquesta acreditaci\u00f3, \u00e0mpliament reconeguda en el sector alimentari, refor\u00e7a la capacitat de la companyia per oferir solucions de packaging que&hellip;","rttpg_featured_image_url":{"full":["https:\/\/www.grafiquescondal.cat\/wp-content\/uploads\/2025\/12\/nib-articulosentradas-a-retocar-2025-12-12t084311-737_4_1000x563.png",1000,563,false],"landscape":["https:\/\/www.grafiquescondal.cat\/wp-content\/uploads\/2025\/12\/nib-articulosentradas-a-retocar-2025-12-12t084311-737_4_1000x563.png",1000,563,false],"portraits":["https:\/\/www.grafiquescondal.cat\/wp-content\/uploads\/2025\/12\/nib-articulosentradas-a-retocar-2025-12-12t084311-737_4_1000x563.png",1000,563,false],"thumbnail":["https:\/\/www.grafiquescondal.cat\/wp-content\/uploads\/2025\/12\/nib-articulosentradas-a-retocar-2025-12-12t084311-737_4_1000x563-150x150.png",150,150,true],"medium":["https:\/\/www.grafiquescondal.cat\/wp-content\/uploads\/2025\/12\/nib-articulosentradas-a-retocar-2025-12-12t084311-737_4_1000x563-300x169.png",300,169,true],"large":["https:\/\/www.grafiquescondal.cat\/wp-content\/uploads\/2025\/12\/nib-articulosentradas-a-retocar-2025-12-12t084311-737_4_1000x563.png",1000,563,false],"1536x1536":["https:\/\/www.grafiquescondal.cat\/wp-content\/uploads\/2025\/12\/nib-articulosentradas-a-retocar-2025-12-12t084311-737_4_1000x563.png",1000,563,false],"2048x2048":["https:\/\/www.grafiquescondal.cat\/wp-content\/uploads\/2025\/12\/nib-articulosentradas-a-retocar-2025-12-12t084311-737_4_1000x563.png",1000,563,false]},"rttpg_author":{"display_name":"Condal Gr\u00e0fiques","author_link":"https:\/\/www.grafiquescondal.cat\/index.php\/author\/condal\/"},"rttpg_comment":0,"rttpg_category":"<a href=\"https:\/\/www.grafiquescondal.cat\/index.php\/ca\/category\/sin-categoria-ca\/\" rel=\"category tag\">Sin categor\u00eda<\/a>","rttpg_excerpt":"Gr\u00e0fiques Condal suma una nova fita en la seva estrat\u00e8gia d\u2019excel\u00b7l\u00e8ncia industrial amb l\u2019obtenci\u00f3 de la certificaci\u00f3 BRC Packaging, un dels est\u00e0ndards internacionals m\u00e9s exigents en qualitat, seguretat i higiene aplicats a la fabricaci\u00f3 d\u2019envasos. Aquesta acreditaci\u00f3, \u00e0mpliament reconeguda en el sector alimentari, refor\u00e7a la capacitat de la companyia per oferir solucions de packaging que&hellip;","_links":{"self":[{"href":"https:\/\/www.grafiquescondal.cat\/index.php\/wp-json\/wp\/v2\/posts\/3084","targetHints":{"allow":["GET"]}}],"collection":[{"href":"https:\/\/www.grafiquescondal.cat\/index.php\/wp-json\/wp\/v2\/posts"}],"about":[{"href":"https:\/\/www.grafiquescondal.cat\/index.php\/wp-json\/wp\/v2\/types\/post"}],"author":[{"embeddable":true,"href":"https:\/\/www.grafiquescondal.cat\/index.php\/wp-json\/wp\/v2\/users\/2"}],"replies":[{"embeddable":true,"href":"https:\/\/www.grafiquescondal.cat\/index.php\/wp-json\/wp\/v2\/comments?post=3084"}],"version-history":[{"count":1,"href":"https:\/\/www.grafiquescondal.cat\/index.php\/wp-json\/wp\/v2\/posts\/3084\/revisions"}],"predecessor-version":[{"id":3085,"href":"https:\/\/www.grafiquescondal.cat\/index.php\/wp-json\/wp\/v2\/posts\/3084\/revisions\/3085"}],"wp:featuredmedia":[{"embeddable":true,"href":"https:\/\/www.grafiquescondal.cat\/index.php\/wp-json\/wp\/v2\/media\/3075"}],"wp:attachment":[{"href":"https:\/\/www.grafiquescondal.cat\/index.php\/wp-json\/wp\/v2\/media?parent=3084"}],"wp:term":[{"taxonomy":"category","embeddable":true,"href":"https:\/\/www.grafiquescondal.cat\/index.php\/wp-json\/wp\/v2\/categories?post=3084"},{"taxonomy":"post_tag","embeddable":true,"href":"https:\/\/www.grafiquescondal.cat\/index.php\/wp-json\/wp\/v2\/tags?post=3084"}],"curies":[{"name":"wp","href":"https:\/\/api.w.org\/{rel}","templated":true}]}}