{"id":3074,"date":"2025-12-18T10:22:49","date_gmt":"2025-12-18T10:22:49","guid":{"rendered":"https:\/\/www.grafiquescondal.cat\/?p=3074"},"modified":"2025-12-18T10:27:37","modified_gmt":"2025-12-18T10:27:37","slug":"graficas-condal-obtiene-la-certificacion-brc-packaging-y-eleva-sus-estandares-industriales","status":"publish","type":"post","link":"https:\/\/www.grafiquescondal.cat\/index.php\/2025\/12\/18\/graficas-condal-obtiene-la-certificacion-brc-packaging-y-eleva-sus-estandares-industriales\/","title":{"rendered":"Gr\u00e1ficas Condal obtiene la certificaci\u00f3n BRC Packaging y eleva sus est\u00e1ndares industriales"},"content":{"rendered":"\n<figure class=\"wp-block-image size-full is-resized\"><img fetchpriority=\"high\" decoding=\"async\" width=\"1000\" height=\"563\" src=\"http:\/\/www.grafiquescondal.cat\/wp-content\/uploads\/2025\/12\/nib-articulosentradas-a-retocar-2025-12-12t084311-737_4_1000x563.png\" alt=\"\" class=\"wp-image-3075\" style=\"aspect-ratio:1.776248230690239;width:724px;height:auto\"\/><\/figure>\n\n\n\n<p>Gr\u00e1ficas Condal suma un nuevo hito en su estrategia de excelencia industrial con la obtenci\u00f3n de la certificaci\u00f3n&nbsp;<strong>BRC Packaging<\/strong>, uno de los est\u00e1ndares internacionales m\u00e1s exigentes en calidad, seguridad e higiene aplicados a la fabricaci\u00f3n de envases. Esta acreditaci\u00f3n, ampliamente reconocida en el sector alimentario, refuerza la capacidad de la compa\u00f1\u00eda para ofrecer soluciones de packaging que cumplen con los niveles m\u00e1s altos de trazabilidad y control.<\/p>\n\n\n\n<p>Para la industria cosm\u00e9tica, este avance supone la incorporaci\u00f3n de protocolos y metodolog\u00edas propias del \u00e1mbito alimentario, donde la higiene y la seguridad son cr\u00edticas.&nbsp;<strong>El resultado: procesos m\u00e1s robustos, controles reforzados y envases capaces de garantizar una mayor protecci\u00f3n del producto sin comprometer la est\u00e9tica, el acabado o la identidad de marca.<\/strong><\/p>\n\n\n\n<p>La certificaci\u00f3n tambi\u00e9n permite a Gr\u00e1ficas Condal integrar, en el sector gourmet, est\u00e1ndares habituales en la cosm\u00e9tica premium: precisi\u00f3n en la impresi\u00f3n, calidad gr\u00e1fica elevada y una visi\u00f3n orientada al detalle como parte del valor a\u00f1adido del envase.<\/p>\n\n\n\n<p>Con este movimiento, la compa\u00f1\u00eda unifica en un mismo flujo de producci\u00f3n las mejores pr\u00e1cticas de ambos universos (cosm\u00e9tico y alimentario)&nbsp;y consolida un posicionamiento claro:<strong>&nbsp;ofrecer packaging que combina seguridad, dise\u00f1o y consistencia industrial, con la confianza como resultado directo.<\/strong><\/p>\n","protected":false},"excerpt":{"rendered":"<p>Gr\u00e1ficas Condal suma un nuevo hito en su estrategia de excelencia industrial con la obtenci\u00f3n de la certificaci\u00f3n&nbsp;BRC Packaging, uno de los est\u00e1ndares internacionales m\u00e1s exigentes en calidad, seguridad e higiene aplicados a la fabricaci\u00f3n de envases. Esta acreditaci\u00f3n, ampliamente reconocida en el sector alimentario, refuerza la capacidad de la compa\u00f1\u00eda para ofrecer soluciones de &hellip;<\/p>\n<p class=\"read-more\"> <a class=\"\" href=\"https:\/\/www.grafiquescondal.cat\/index.php\/2025\/12\/18\/graficas-condal-obtiene-la-certificacion-brc-packaging-y-eleva-sus-estandares-industriales\/\"> <span class=\"screen-reader-text\">Gr\u00e1ficas Condal obtiene la certificaci\u00f3n BRC Packaging y eleva sus est\u00e1ndares industriales<\/span> Leer m\u00e1s &raquo;<\/a><\/p>\n","protected":false},"author":2,"featured_media":3075,"comment_status":"closed","ping_status":"closed","sticky":false,"template":"","format":"standard","meta":{"_uag_custom_page_level_css":"","site-sidebar-layout":"default","site-content-layout":"","ast-site-content-layout":"default","site-content-style":"default","site-sidebar-style":"default","ast-global-header-display":"","ast-banner-title-visibility":"","ast-main-header-display":"","ast-hfb-above-header-display":"","ast-hfb-below-header-display":"","ast-hfb-mobile-header-display":"","site-post-title":"","ast-breadcrumbs-content":"","ast-featured-img":"disabled","footer-sml-layout":"","theme-transparent-header-meta":"","adv-header-id-meta":"","stick-header-meta":"","header-above-stick-meta":"","header-main-stick-meta":"","header-below-stick-meta":"","astra-migrate-meta-layouts":"set","ast-page-background-enabled":"default","ast-page-background-meta":{"desktop":{"background-color":"var(--ast-global-color-4)","background-image":"","background-repeat":"repeat","background-position":"center center","background-size":"auto","background-attachment":"scroll","background-type":"","background-media":"","overlay-type":"","overlay-color":"","overlay-gradient":""},"tablet":{"background-color":"","background-image":"","background-repeat":"repeat","background-position":"center center","background-size":"auto","background-attachment":"scroll","background-type":"","background-media":"","overlay-type":"","overlay-color":"","overlay-gradient":""},"mobile":{"background-color":"","background-image":"","background-repeat":"repeat","background-position":"center center","background-size":"auto","background-attachment":"scroll","background-type":"","background-media":"","overlay-type":"","overlay-color":"","overlay-gradient":""}},"ast-content-background-meta":{"desktop":{"background-color":"var(--ast-global-color-5)","background-image":"","background-repeat":"repeat","background-position":"center center","background-size":"auto","background-attachment":"scroll","background-type":"","background-media":"","overlay-type":"","overlay-color":"","overlay-gradient":""},"tablet":{"background-color":"var(--ast-global-color-5)","background-image":"","background-repeat":"repeat","background-position":"center center","background-size":"auto","background-attachment":"scroll","background-type":"","background-media":"","overlay-type":"","overlay-color":"","overlay-gradient":""},"mobile":{"background-color":"var(--ast-global-color-5)","background-image":"","background-repeat":"repeat","background-position":"center center","background-size":"auto","background-attachment":"scroll","background-type":"","background-media":"","overlay-type":"","overlay-color":"","overlay-gradient":""}},"_themeisle_gutenberg_block_has_review":false,"footnotes":""},"categories":[53],"tags":[],"class_list":["post-3074","post","type-post","status-publish","format-standard","has-post-thumbnail","hentry","category-calidad-es"],"yoast_head":"<!-- This site is optimized with the Yoast SEO plugin v24.0 - https:\/\/yoast.com\/wordpress\/plugins\/seo\/ -->\n<title>Gr\u00e1ficas Condal obtiene la certificaci\u00f3n BRC Packaging y eleva sus est\u00e1ndares industriales - Gr\u00e1ficas Condal SA - Soluciones de packaging personalizadas<\/title>\n<meta name=\"robots\" content=\"index, follow, max-snippet:-1, max-image-preview:large, max-video-preview:-1\" \/>\n<link rel=\"canonical\" href=\"https:\/\/www.grafiquescondal.cat\/index.php\/2025\/12\/18\/graficas-condal-obtiene-la-certificacion-brc-packaging-y-eleva-sus-estandares-industriales\/\" \/>\n<meta property=\"og:locale\" content=\"es_ES\" \/>\n<meta property=\"og:type\" content=\"article\" \/>\n<meta property=\"og:title\" content=\"Gr\u00e1ficas Condal obtiene la certificaci\u00f3n BRC Packaging y eleva sus est\u00e1ndares industriales - Gr\u00e1ficas Condal SA - Soluciones de packaging personalizadas\" \/>\n<meta property=\"og:description\" content=\"Gr\u00e1ficas Condal suma un nuevo hito en su estrategia de excelencia industrial con la obtenci\u00f3n de la certificaci\u00f3n&nbsp;BRC Packaging, uno de los est\u00e1ndares internacionales m\u00e1s exigentes en calidad, seguridad e higiene aplicados a la fabricaci\u00f3n de envases. Esta acreditaci\u00f3n, ampliamente reconocida en el sector alimentario, refuerza la capacidad de la compa\u00f1\u00eda para ofrecer soluciones de &hellip; Gr\u00e1ficas Condal obtiene la certificaci\u00f3n BRC Packaging y eleva sus est\u00e1ndares industriales Leer m\u00e1s &raquo;\" \/>\n<meta property=\"og:url\" content=\"https:\/\/www.grafiquescondal.cat\/index.php\/2025\/12\/18\/graficas-condal-obtiene-la-certificacion-brc-packaging-y-eleva-sus-estandares-industriales\/\" \/>\n<meta property=\"og:site_name\" content=\"Gr\u00e1ficas Condal SA - Soluciones de packaging personalizadas\" \/>\n<meta property=\"article:published_time\" content=\"2025-12-18T10:22:49+00:00\" \/>\n<meta property=\"article:modified_time\" content=\"2025-12-18T10:27:37+00:00\" \/>\n<meta property=\"og:image\" content=\"https:\/\/www.graficascondal.com\/wp-content\/uploads\/2025\/12\/nib-articulosentradas-a-retocar-2025-12-12t084311-737_4_1000x563.png\" \/>\n\t<meta property=\"og:image:width\" content=\"1000\" \/>\n\t<meta property=\"og:image:height\" content=\"563\" \/>\n\t<meta property=\"og:image:type\" content=\"image\/png\" \/>\n<meta name=\"author\" content=\"Condal Gr\u00e0fiques\" \/>\n<meta name=\"twitter:card\" content=\"summary_large_image\" \/>\n<meta name=\"twitter:label1\" content=\"Escrito por\" \/>\n\t<meta name=\"twitter:data1\" content=\"Condal Gr\u00e0fiques\" \/>\n\t<meta name=\"twitter:label2\" content=\"Tiempo de lectura\" \/>\n\t<meta name=\"twitter:data2\" content=\"2 minutos\" \/>\n<script type=\"application\/ld+json\" class=\"yoast-schema-graph\">{\"@context\":\"https:\/\/schema.org\",\"@graph\":[{\"@type\":\"Article\",\"@id\":\"https:\/\/www.grafiquescondal.cat\/index.php\/2025\/12\/18\/graficas-condal-obtiene-la-certificacion-brc-packaging-y-eleva-sus-estandares-industriales\/#article\",\"isPartOf\":{\"@id\":\"https:\/\/www.grafiquescondal.cat\/index.php\/2025\/12\/18\/graficas-condal-obtiene-la-certificacion-brc-packaging-y-eleva-sus-estandares-industriales\/\"},\"author\":{\"name\":\"Condal Gr\u00e0fiques\",\"@id\":\"https:\/\/www.grafiquescondal.cat\/#\/schema\/person\/ff07f4ad59641b42e5ba878d8fc33189\"},\"headline\":\"Gr\u00e1ficas Condal obtiene la certificaci\u00f3n BRC Packaging y eleva sus est\u00e1ndares industriales\",\"datePublished\":\"2025-12-18T10:22:49+00:00\",\"dateModified\":\"2025-12-18T10:27:37+00:00\",\"mainEntityOfPage\":{\"@id\":\"https:\/\/www.grafiquescondal.cat\/index.php\/2025\/12\/18\/graficas-condal-obtiene-la-certificacion-brc-packaging-y-eleva-sus-estandares-industriales\/\"},\"wordCount\":250,\"publisher\":{\"@id\":\"https:\/\/www.grafiquescondal.cat\/#organization\"},\"image\":{\"@id\":\"https:\/\/www.grafiquescondal.cat\/index.php\/2025\/12\/18\/graficas-condal-obtiene-la-certificacion-brc-packaging-y-eleva-sus-estandares-industriales\/#primaryimage\"},\"thumbnailUrl\":\"https:\/\/www.grafiquescondal.cat\/wp-content\/uploads\/2025\/12\/nib-articulosentradas-a-retocar-2025-12-12t084311-737_4_1000x563.png\",\"articleSection\":[\"Calidad\"],\"inLanguage\":\"es\"},{\"@type\":\"WebPage\",\"@id\":\"https:\/\/www.grafiquescondal.cat\/index.php\/2025\/12\/18\/graficas-condal-obtiene-la-certificacion-brc-packaging-y-eleva-sus-estandares-industriales\/\",\"url\":\"https:\/\/www.grafiquescondal.cat\/index.php\/2025\/12\/18\/graficas-condal-obtiene-la-certificacion-brc-packaging-y-eleva-sus-estandares-industriales\/\",\"name\":\"Gr\u00e1ficas Condal obtiene la certificaci\u00f3n BRC Packaging y eleva sus est\u00e1ndares industriales - Gr\u00e1ficas Condal SA - Soluciones de packaging personalizadas\",\"isPartOf\":{\"@id\":\"https:\/\/www.grafiquescondal.cat\/#website\"},\"primaryImageOfPage\":{\"@id\":\"https:\/\/www.grafiquescondal.cat\/index.php\/2025\/12\/18\/graficas-condal-obtiene-la-certificacion-brc-packaging-y-eleva-sus-estandares-industriales\/#primaryimage\"},\"image\":{\"@id\":\"https:\/\/www.grafiquescondal.cat\/index.php\/2025\/12\/18\/graficas-condal-obtiene-la-certificacion-brc-packaging-y-eleva-sus-estandares-industriales\/#primaryimage\"},\"thumbnailUrl\":\"https:\/\/www.grafiquescondal.cat\/wp-content\/uploads\/2025\/12\/nib-articulosentradas-a-retocar-2025-12-12t084311-737_4_1000x563.png\",\"datePublished\":\"2025-12-18T10:22:49+00:00\",\"dateModified\":\"2025-12-18T10:27:37+00:00\",\"breadcrumb\":{\"@id\":\"https:\/\/www.grafiquescondal.cat\/index.php\/2025\/12\/18\/graficas-condal-obtiene-la-certificacion-brc-packaging-y-eleva-sus-estandares-industriales\/#breadcrumb\"},\"inLanguage\":\"es\",\"potentialAction\":[{\"@type\":\"ReadAction\",\"target\":[\"https:\/\/www.grafiquescondal.cat\/index.php\/2025\/12\/18\/graficas-condal-obtiene-la-certificacion-brc-packaging-y-eleva-sus-estandares-industriales\/\"]}]},{\"@type\":\"ImageObject\",\"inLanguage\":\"es\",\"@id\":\"https:\/\/www.grafiquescondal.cat\/index.php\/2025\/12\/18\/graficas-condal-obtiene-la-certificacion-brc-packaging-y-eleva-sus-estandares-industriales\/#primaryimage\",\"url\":\"https:\/\/www.grafiquescondal.cat\/wp-content\/uploads\/2025\/12\/nib-articulosentradas-a-retocar-2025-12-12t084311-737_4_1000x563.png\",\"contentUrl\":\"https:\/\/www.grafiquescondal.cat\/wp-content\/uploads\/2025\/12\/nib-articulosentradas-a-retocar-2025-12-12t084311-737_4_1000x563.png\",\"width\":1000,\"height\":563},{\"@type\":\"BreadcrumbList\",\"@id\":\"https:\/\/www.grafiquescondal.cat\/index.php\/2025\/12\/18\/graficas-condal-obtiene-la-certificacion-brc-packaging-y-eleva-sus-estandares-industriales\/#breadcrumb\",\"itemListElement\":[{\"@type\":\"ListItem\",\"position\":1,\"name\":\"Portada\",\"item\":\"https:\/\/www.graficascondal.com\/\"},{\"@type\":\"ListItem\",\"position\":2,\"name\":\"Gr\u00e1ficas Condal obtiene la certificaci\u00f3n BRC Packaging y eleva sus est\u00e1ndares industriales\"}]},{\"@type\":\"WebSite\",\"@id\":\"https:\/\/www.grafiquescondal.cat\/#website\",\"url\":\"https:\/\/www.grafiquescondal.cat\/\",\"name\":\"Gr\u00e1ficas Condal SA - Soluciones de packaging personalizadas\",\"description\":\"Desde hace m\u00e1s de 60 a\u00f1os, producimos soluciones de packaging personalizadas con la m\u00e1xima calidad\",\"publisher\":{\"@id\":\"https:\/\/www.grafiquescondal.cat\/#organization\"},\"alternateName\":\"Gr\u00e1ficas Condal\",\"potentialAction\":[{\"@type\":\"SearchAction\",\"target\":{\"@type\":\"EntryPoint\",\"urlTemplate\":\"https:\/\/www.grafiquescondal.cat\/?s={search_term_string}\"},\"query-input\":{\"@type\":\"PropertyValueSpecification\",\"valueRequired\":true,\"valueName\":\"search_term_string\"}}],\"inLanguage\":\"es\"},{\"@type\":\"Organization\",\"@id\":\"https:\/\/www.grafiquescondal.cat\/#organization\",\"name\":\"Gr\u00e1ficas Condal SA\",\"alternateName\":\"Gr\u00e1ficas Condal\",\"url\":\"https:\/\/www.grafiquescondal.cat\/\",\"logo\":{\"@type\":\"ImageObject\",\"inLanguage\":\"es\",\"@id\":\"https:\/\/www.grafiquescondal.cat\/#\/schema\/logo\/image\/\",\"url\":\"https:\/\/www.grafiquescondal.cat\/wp-content\/uploads\/2023\/10\/logoGC-1.png\",\"contentUrl\":\"https:\/\/www.grafiquescondal.cat\/wp-content\/uploads\/2023\/10\/logoGC-1.png\",\"width\":2048,\"height\":2183,\"caption\":\"Gr\u00e1ficas Condal SA\"},\"image\":{\"@id\":\"https:\/\/www.grafiquescondal.cat\/#\/schema\/logo\/image\/\"},\"sameAs\":[\"https:\/\/www.linkedin.com\/company\/graficas-condal-s-a-\/\"]},{\"@type\":\"Person\",\"@id\":\"https:\/\/www.grafiquescondal.cat\/#\/schema\/person\/ff07f4ad59641b42e5ba878d8fc33189\",\"name\":\"Condal Gr\u00e0fiques\",\"image\":{\"@type\":\"ImageObject\",\"inLanguage\":\"es\",\"@id\":\"https:\/\/www.grafiquescondal.cat\/#\/schema\/person\/image\/\",\"url\":\"https:\/\/secure.gravatar.com\/avatar\/246727eadb2b0f40414c5b138e0d7045d7ddcb0d07ee1f270b59afd258291305?s=96&d=mm&r=g\",\"contentUrl\":\"https:\/\/secure.gravatar.com\/avatar\/246727eadb2b0f40414c5b138e0d7045d7ddcb0d07ee1f270b59afd258291305?s=96&d=mm&r=g\",\"caption\":\"Condal Gr\u00e0fiques\"}}]}<\/script>\n<!-- \/ Yoast SEO plugin. -->","yoast_head_json":{"title":"Gr\u00e1ficas Condal obtiene la certificaci\u00f3n BRC Packaging y eleva sus est\u00e1ndares industriales - Gr\u00e1ficas Condal SA - Soluciones de packaging personalizadas","robots":{"index":"index","follow":"follow","max-snippet":"max-snippet:-1","max-image-preview":"max-image-preview:large","max-video-preview":"max-video-preview:-1"},"canonical":"https:\/\/www.grafiquescondal.cat\/index.php\/2025\/12\/18\/graficas-condal-obtiene-la-certificacion-brc-packaging-y-eleva-sus-estandares-industriales\/","og_locale":"es_ES","og_type":"article","og_title":"Gr\u00e1ficas Condal obtiene la certificaci\u00f3n BRC Packaging y eleva sus est\u00e1ndares industriales - Gr\u00e1ficas Condal SA - Soluciones de packaging personalizadas","og_description":"Gr\u00e1ficas Condal suma un nuevo hito en su estrategia de excelencia industrial con la obtenci\u00f3n de la certificaci\u00f3n&nbsp;BRC Packaging, uno de los est\u00e1ndares internacionales m\u00e1s exigentes en calidad, seguridad e higiene aplicados a la fabricaci\u00f3n de envases. Esta acreditaci\u00f3n, ampliamente reconocida en el sector alimentario, refuerza la capacidad de la compa\u00f1\u00eda para ofrecer soluciones de &hellip; Gr\u00e1ficas Condal obtiene la certificaci\u00f3n BRC Packaging y eleva sus est\u00e1ndares industriales Leer m\u00e1s &raquo;","og_url":"https:\/\/www.grafiquescondal.cat\/index.php\/2025\/12\/18\/graficas-condal-obtiene-la-certificacion-brc-packaging-y-eleva-sus-estandares-industriales\/","og_site_name":"Gr\u00e1ficas Condal SA - Soluciones de packaging personalizadas","article_published_time":"2025-12-18T10:22:49+00:00","article_modified_time":"2025-12-18T10:27:37+00:00","og_image":[{"width":1000,"height":563,"url":"https:\/\/www.graficascondal.com\/wp-content\/uploads\/2025\/12\/nib-articulosentradas-a-retocar-2025-12-12t084311-737_4_1000x563.png","type":"image\/png"}],"author":"Condal Gr\u00e0fiques","twitter_card":"summary_large_image","twitter_misc":{"Escrito por":"Condal Gr\u00e0fiques","Tiempo de lectura":"2 minutos"},"schema":{"@context":"https:\/\/schema.org","@graph":[{"@type":"Article","@id":"https:\/\/www.grafiquescondal.cat\/index.php\/2025\/12\/18\/graficas-condal-obtiene-la-certificacion-brc-packaging-y-eleva-sus-estandares-industriales\/#article","isPartOf":{"@id":"https:\/\/www.grafiquescondal.cat\/index.php\/2025\/12\/18\/graficas-condal-obtiene-la-certificacion-brc-packaging-y-eleva-sus-estandares-industriales\/"},"author":{"name":"Condal Gr\u00e0fiques","@id":"https:\/\/www.grafiquescondal.cat\/#\/schema\/person\/ff07f4ad59641b42e5ba878d8fc33189"},"headline":"Gr\u00e1ficas Condal obtiene la certificaci\u00f3n BRC Packaging y eleva sus est\u00e1ndares industriales","datePublished":"2025-12-18T10:22:49+00:00","dateModified":"2025-12-18T10:27:37+00:00","mainEntityOfPage":{"@id":"https:\/\/www.grafiquescondal.cat\/index.php\/2025\/12\/18\/graficas-condal-obtiene-la-certificacion-brc-packaging-y-eleva-sus-estandares-industriales\/"},"wordCount":250,"publisher":{"@id":"https:\/\/www.grafiquescondal.cat\/#organization"},"image":{"@id":"https:\/\/www.grafiquescondal.cat\/index.php\/2025\/12\/18\/graficas-condal-obtiene-la-certificacion-brc-packaging-y-eleva-sus-estandares-industriales\/#primaryimage"},"thumbnailUrl":"https:\/\/www.grafiquescondal.cat\/wp-content\/uploads\/2025\/12\/nib-articulosentradas-a-retocar-2025-12-12t084311-737_4_1000x563.png","articleSection":["Calidad"],"inLanguage":"es"},{"@type":"WebPage","@id":"https:\/\/www.grafiquescondal.cat\/index.php\/2025\/12\/18\/graficas-condal-obtiene-la-certificacion-brc-packaging-y-eleva-sus-estandares-industriales\/","url":"https:\/\/www.grafiquescondal.cat\/index.php\/2025\/12\/18\/graficas-condal-obtiene-la-certificacion-brc-packaging-y-eleva-sus-estandares-industriales\/","name":"Gr\u00e1ficas Condal obtiene la certificaci\u00f3n BRC Packaging y eleva sus est\u00e1ndares industriales - Gr\u00e1ficas Condal SA - Soluciones de packaging personalizadas","isPartOf":{"@id":"https:\/\/www.grafiquescondal.cat\/#website"},"primaryImageOfPage":{"@id":"https:\/\/www.grafiquescondal.cat\/index.php\/2025\/12\/18\/graficas-condal-obtiene-la-certificacion-brc-packaging-y-eleva-sus-estandares-industriales\/#primaryimage"},"image":{"@id":"https:\/\/www.grafiquescondal.cat\/index.php\/2025\/12\/18\/graficas-condal-obtiene-la-certificacion-brc-packaging-y-eleva-sus-estandares-industriales\/#primaryimage"},"thumbnailUrl":"https:\/\/www.grafiquescondal.cat\/wp-content\/uploads\/2025\/12\/nib-articulosentradas-a-retocar-2025-12-12t084311-737_4_1000x563.png","datePublished":"2025-12-18T10:22:49+00:00","dateModified":"2025-12-18T10:27:37+00:00","breadcrumb":{"@id":"https:\/\/www.grafiquescondal.cat\/index.php\/2025\/12\/18\/graficas-condal-obtiene-la-certificacion-brc-packaging-y-eleva-sus-estandares-industriales\/#breadcrumb"},"inLanguage":"es","potentialAction":[{"@type":"ReadAction","target":["https:\/\/www.grafiquescondal.cat\/index.php\/2025\/12\/18\/graficas-condal-obtiene-la-certificacion-brc-packaging-y-eleva-sus-estandares-industriales\/"]}]},{"@type":"ImageObject","inLanguage":"es","@id":"https:\/\/www.grafiquescondal.cat\/index.php\/2025\/12\/18\/graficas-condal-obtiene-la-certificacion-brc-packaging-y-eleva-sus-estandares-industriales\/#primaryimage","url":"https:\/\/www.grafiquescondal.cat\/wp-content\/uploads\/2025\/12\/nib-articulosentradas-a-retocar-2025-12-12t084311-737_4_1000x563.png","contentUrl":"https:\/\/www.grafiquescondal.cat\/wp-content\/uploads\/2025\/12\/nib-articulosentradas-a-retocar-2025-12-12t084311-737_4_1000x563.png","width":1000,"height":563},{"@type":"BreadcrumbList","@id":"https:\/\/www.grafiquescondal.cat\/index.php\/2025\/12\/18\/graficas-condal-obtiene-la-certificacion-brc-packaging-y-eleva-sus-estandares-industriales\/#breadcrumb","itemListElement":[{"@type":"ListItem","position":1,"name":"Portada","item":"https:\/\/www.graficascondal.com\/"},{"@type":"ListItem","position":2,"name":"Gr\u00e1ficas Condal obtiene la certificaci\u00f3n BRC Packaging y eleva sus est\u00e1ndares industriales"}]},{"@type":"WebSite","@id":"https:\/\/www.grafiquescondal.cat\/#website","url":"https:\/\/www.grafiquescondal.cat\/","name":"Gr\u00e1ficas Condal SA - Soluciones de packaging personalizadas","description":"Desde hace m\u00e1s de 60 a\u00f1os, producimos soluciones de packaging personalizadas con la m\u00e1xima calidad","publisher":{"@id":"https:\/\/www.grafiquescondal.cat\/#organization"},"alternateName":"Gr\u00e1ficas Condal","potentialAction":[{"@type":"SearchAction","target":{"@type":"EntryPoint","urlTemplate":"https:\/\/www.grafiquescondal.cat\/?s={search_term_string}"},"query-input":{"@type":"PropertyValueSpecification","valueRequired":true,"valueName":"search_term_string"}}],"inLanguage":"es"},{"@type":"Organization","@id":"https:\/\/www.grafiquescondal.cat\/#organization","name":"Gr\u00e1ficas Condal SA","alternateName":"Gr\u00e1ficas Condal","url":"https:\/\/www.grafiquescondal.cat\/","logo":{"@type":"ImageObject","inLanguage":"es","@id":"https:\/\/www.grafiquescondal.cat\/#\/schema\/logo\/image\/","url":"https:\/\/www.grafiquescondal.cat\/wp-content\/uploads\/2023\/10\/logoGC-1.png","contentUrl":"https:\/\/www.grafiquescondal.cat\/wp-content\/uploads\/2023\/10\/logoGC-1.png","width":2048,"height":2183,"caption":"Gr\u00e1ficas Condal SA"},"image":{"@id":"https:\/\/www.grafiquescondal.cat\/#\/schema\/logo\/image\/"},"sameAs":["https:\/\/www.linkedin.com\/company\/graficas-condal-s-a-\/"]},{"@type":"Person","@id":"https:\/\/www.grafiquescondal.cat\/#\/schema\/person\/ff07f4ad59641b42e5ba878d8fc33189","name":"Condal Gr\u00e0fiques","image":{"@type":"ImageObject","inLanguage":"es","@id":"https:\/\/www.grafiquescondal.cat\/#\/schema\/person\/image\/","url":"https:\/\/secure.gravatar.com\/avatar\/246727eadb2b0f40414c5b138e0d7045d7ddcb0d07ee1f270b59afd258291305?s=96&d=mm&r=g","contentUrl":"https:\/\/secure.gravatar.com\/avatar\/246727eadb2b0f40414c5b138e0d7045d7ddcb0d07ee1f270b59afd258291305?s=96&d=mm&r=g","caption":"Condal Gr\u00e0fiques"}}]}},"uagb_featured_image_src":{"full":["https:\/\/www.grafiquescondal.cat\/wp-content\/uploads\/2025\/12\/nib-articulosentradas-a-retocar-2025-12-12t084311-737_4_1000x563.png",1000,563,false],"thumbnail":["https:\/\/www.grafiquescondal.cat\/wp-content\/uploads\/2025\/12\/nib-articulosentradas-a-retocar-2025-12-12t084311-737_4_1000x563-150x150.png",150,150,true],"medium":["https:\/\/www.grafiquescondal.cat\/wp-content\/uploads\/2025\/12\/nib-articulosentradas-a-retocar-2025-12-12t084311-737_4_1000x563-300x169.png",300,169,true],"medium_large":["https:\/\/www.grafiquescondal.cat\/wp-content\/uploads\/2025\/12\/nib-articulosentradas-a-retocar-2025-12-12t084311-737_4_1000x563-768x432.png",768,432,true],"large":["https:\/\/www.grafiquescondal.cat\/wp-content\/uploads\/2025\/12\/nib-articulosentradas-a-retocar-2025-12-12t084311-737_4_1000x563.png",1000,563,false],"1536x1536":["https:\/\/www.grafiquescondal.cat\/wp-content\/uploads\/2025\/12\/nib-articulosentradas-a-retocar-2025-12-12t084311-737_4_1000x563.png",1000,563,false],"2048x2048":["https:\/\/www.grafiquescondal.cat\/wp-content\/uploads\/2025\/12\/nib-articulosentradas-a-retocar-2025-12-12t084311-737_4_1000x563.png",1000,563,false]},"uagb_author_info":{"display_name":"Condal Gr\u00e0fiques","author_link":"https:\/\/www.grafiquescondal.cat\/index.php\/author\/condal\/"},"uagb_comment_info":0,"uagb_excerpt":"Gr\u00e1ficas Condal suma un nuevo hito en su estrategia de excelencia industrial con la obtenci\u00f3n de la certificaci\u00f3n&nbsp;BRC Packaging, uno de los est\u00e1ndares internacionales m\u00e1s exigentes en calidad, seguridad e higiene aplicados a la fabricaci\u00f3n de envases. Esta acreditaci\u00f3n, ampliamente reconocida en el sector alimentario, refuerza la capacidad de la compa\u00f1\u00eda para ofrecer soluciones de&hellip;","rttpg_featured_image_url":{"full":["https:\/\/www.grafiquescondal.cat\/wp-content\/uploads\/2025\/12\/nib-articulosentradas-a-retocar-2025-12-12t084311-737_4_1000x563.png",1000,563,false],"landscape":["https:\/\/www.grafiquescondal.cat\/wp-content\/uploads\/2025\/12\/nib-articulosentradas-a-retocar-2025-12-12t084311-737_4_1000x563.png",1000,563,false],"portraits":["https:\/\/www.grafiquescondal.cat\/wp-content\/uploads\/2025\/12\/nib-articulosentradas-a-retocar-2025-12-12t084311-737_4_1000x563.png",1000,563,false],"thumbnail":["https:\/\/www.grafiquescondal.cat\/wp-content\/uploads\/2025\/12\/nib-articulosentradas-a-retocar-2025-12-12t084311-737_4_1000x563-150x150.png",150,150,true],"medium":["https:\/\/www.grafiquescondal.cat\/wp-content\/uploads\/2025\/12\/nib-articulosentradas-a-retocar-2025-12-12t084311-737_4_1000x563-300x169.png",300,169,true],"large":["https:\/\/www.grafiquescondal.cat\/wp-content\/uploads\/2025\/12\/nib-articulosentradas-a-retocar-2025-12-12t084311-737_4_1000x563.png",1000,563,false],"1536x1536":["https:\/\/www.grafiquescondal.cat\/wp-content\/uploads\/2025\/12\/nib-articulosentradas-a-retocar-2025-12-12t084311-737_4_1000x563.png",1000,563,false],"2048x2048":["https:\/\/www.grafiquescondal.cat\/wp-content\/uploads\/2025\/12\/nib-articulosentradas-a-retocar-2025-12-12t084311-737_4_1000x563.png",1000,563,false]},"rttpg_author":{"display_name":"Condal Gr\u00e0fiques","author_link":"https:\/\/www.grafiquescondal.cat\/index.php\/author\/condal\/"},"rttpg_comment":0,"rttpg_category":"<a href=\"https:\/\/www.grafiquescondal.cat\/index.php\/category\/calidad-es\/\" rel=\"category tag\">Calidad<\/a>","rttpg_excerpt":"Gr\u00e1ficas Condal suma un nuevo hito en su estrategia de excelencia industrial con la obtenci\u00f3n de la certificaci\u00f3n&nbsp;BRC Packaging, uno de los est\u00e1ndares internacionales m\u00e1s exigentes en calidad, seguridad e higiene aplicados a la fabricaci\u00f3n de envases. Esta acreditaci\u00f3n, ampliamente reconocida en el sector alimentario, refuerza la capacidad de la compa\u00f1\u00eda para ofrecer soluciones de&hellip;","_links":{"self":[{"href":"https:\/\/www.grafiquescondal.cat\/index.php\/wp-json\/wp\/v2\/posts\/3074","targetHints":{"allow":["GET"]}}],"collection":[{"href":"https:\/\/www.grafiquescondal.cat\/index.php\/wp-json\/wp\/v2\/posts"}],"about":[{"href":"https:\/\/www.grafiquescondal.cat\/index.php\/wp-json\/wp\/v2\/types\/post"}],"author":[{"embeddable":true,"href":"https:\/\/www.grafiquescondal.cat\/index.php\/wp-json\/wp\/v2\/users\/2"}],"replies":[{"embeddable":true,"href":"https:\/\/www.grafiquescondal.cat\/index.php\/wp-json\/wp\/v2\/comments?post=3074"}],"version-history":[{"count":6,"href":"https:\/\/www.grafiquescondal.cat\/index.php\/wp-json\/wp\/v2\/posts\/3074\/revisions"}],"predecessor-version":[{"id":3083,"href":"https:\/\/www.grafiquescondal.cat\/index.php\/wp-json\/wp\/v2\/posts\/3074\/revisions\/3083"}],"wp:featuredmedia":[{"embeddable":true,"href":"https:\/\/www.grafiquescondal.cat\/index.php\/wp-json\/wp\/v2\/media\/3075"}],"wp:attachment":[{"href":"https:\/\/www.grafiquescondal.cat\/index.php\/wp-json\/wp\/v2\/media?parent=3074"}],"wp:term":[{"taxonomy":"category","embeddable":true,"href":"https:\/\/www.grafiquescondal.cat\/index.php\/wp-json\/wp\/v2\/categories?post=3074"},{"taxonomy":"post_tag","embeddable":true,"href":"https:\/\/www.grafiquescondal.cat\/index.php\/wp-json\/wp\/v2\/tags?post=3074"}],"curies":[{"name":"wp","href":"https:\/\/api.w.org\/{rel}","templated":true}]}}