{"id":3025,"date":"2025-01-20T21:44:33","date_gmt":"2025-01-20T21:44:33","guid":{"rendered":"https:\/\/www.grafiquescondal.cat\/?p=3025"},"modified":"2025-01-20T21:46:32","modified_gmt":"2025-01-20T21:46:32","slug":"3025","status":"publish","type":"post","link":"https:\/\/www.grafiquescondal.cat\/index.php\/fr\/2025\/01\/20\/3025\/","title":{"rendered":"GR\u00c1FICAS CONDAL, nouveau partenaire du Beauty Cluster"},"content":{"rendered":"\n<p>Nous sommes ravis de partager que nous faisons d\u00e9sormais partie du Beauty Cluster ! \ud83c\udf1f<br>Gr\u00e2ce \u00e0 cette \u00e9tape, nous rejoignons un r\u00e9seau de professionnels et de marques qui r\u00e9volutionnent le monde de la beaut\u00e9. \ud83d\udc84\u2728<br>Cela nous permettra de continuer \u00e0 grandir, innover et offrir le meilleur pour vous tous.<\/p>\n\n\n\n<figure class=\"wp-block-image size-large\"><img fetchpriority=\"high\" decoding=\"async\" width=\"1787\" height=\"1005\" src=\"https:\/\/www.grafiquescondal.cat\/wp-content\/uploads\/2025\/01\/BEAUTY_CLUSTER_FOTO-3-edited.jpg\" alt=\"\" class=\"wp-image-3030\"\/><\/figure>\n\n\n\n<p>Link WEB:\u00a0<a href=\"https:\/\/beautycluster.es\/dia-a-dia\/20-ene-graficas-condal-nuevo-socio-del-beauty-cluster\/\"><\/a><a href=\"https:\/\/beautycluster.es\/en\/dia-a-dia\/20-ene-graficas-condal-nuevo-socio-del-beauty-cluster\/\">20 JAN | GR\u00c1FICAS CONDAL, new member of the Beauty Cluster \u2013 Beauty Cluster<\/a><\/p>\n\n\n\n<p><\/p>\n","protected":false},"excerpt":{"rendered":"<p>Nous sommes ravis de partager que nous faisons d\u00e9sormais partie du Beauty Cluster ! \ud83c\udf1fGr\u00e2ce \u00e0 cette \u00e9tape, nous rejoignons un r\u00e9seau de professionnels et de marques qui r\u00e9volutionnent le monde de la beaut\u00e9. \ud83d\udc84\u2728Cela nous permettra de continuer \u00e0 grandir, innover et offrir le meilleur pour vous tous. Link WEB:\u00a020 JAN | GR\u00c1FICAS CONDAL, &hellip;<\/p>\n<p class=\"read-more\"> <a class=\"\" href=\"https:\/\/www.grafiquescondal.cat\/index.php\/fr\/2025\/01\/20\/3025\/\"> <span class=\"screen-reader-text\">GR\u00c1FICAS CONDAL, nouveau partenaire du Beauty Cluster<\/span> Leer m\u00e1s &raquo;<\/a><\/p>\n","protected":false},"author":2,"featured_media":3012,"comment_status":"closed","ping_status":"closed","sticky":false,"template":"","format":"standard","meta":{"_uag_custom_page_level_css":"","site-sidebar-layout":"default","site-content-layout":"","ast-site-content-layout":"default","site-content-style":"default","site-sidebar-style":"default","ast-global-header-display":"","ast-banner-title-visibility":"","ast-main-header-display":"","ast-hfb-above-header-display":"","ast-hfb-below-header-display":"","ast-hfb-mobile-header-display":"","site-post-title":"","ast-breadcrumbs-content":"","ast-featured-img":"","footer-sml-layout":"","theme-transparent-header-meta":"","adv-header-id-meta":"","stick-header-meta":"","header-above-stick-meta":"","header-main-stick-meta":"","header-below-stick-meta":"","astra-migrate-meta-layouts":"set","ast-page-background-enabled":"default","ast-page-background-meta":{"desktop":{"background-color":"var(--ast-global-color-4)","background-image":"","background-repeat":"repeat","background-position":"center center","background-size":"auto","background-attachment":"scroll","background-type":"","background-media":"","overlay-type":"","overlay-color":"","overlay-gradient":""},"tablet":{"background-color":"","background-image":"","background-repeat":"repeat","background-position":"center center","background-size":"auto","background-attachment":"scroll","background-type":"","background-media":"","overlay-type":"","overlay-color":"","overlay-gradient":""},"mobile":{"background-color":"","background-image":"","background-repeat":"repeat","background-position":"center center","background-size":"auto","background-attachment":"scroll","background-type":"","background-media":"","overlay-type":"","overlay-color":"","overlay-gradient":""}},"ast-content-background-meta":{"desktop":{"background-color":"var(--ast-global-color-5)","background-image":"","background-repeat":"repeat","background-position":"center center","background-size":"auto","background-attachment":"scroll","background-type":"","background-media":"","overlay-type":"","overlay-color":"","overlay-gradient":""},"tablet":{"background-color":"var(--ast-global-color-5)","background-image":"","background-repeat":"repeat","background-position":"center center","background-size":"auto","background-attachment":"scroll","background-type":"","background-media":"","overlay-type":"","overlay-color":"","overlay-gradient":""},"mobile":{"background-color":"var(--ast-global-color-5)","background-image":"","background-repeat":"repeat","background-position":"center center","background-size":"auto","background-attachment":"scroll","background-type":"","background-media":"","overlay-type":"","overlay-color":"","overlay-gradient":""}},"_themeisle_gutenberg_block_has_review":false,"footnotes":""},"categories":[19],"tags":[],"class_list":["post-3025","post","type-post","status-publish","format-standard","has-post-thumbnail","hentry","category-sin-categoria-fr"],"yoast_head":"<!-- This site is optimized with the Yoast SEO plugin v24.0 - https:\/\/yoast.com\/wordpress\/plugins\/seo\/ -->\n<title>GR\u00c1FICAS CONDAL, nouveau partenaire du Beauty Cluster - Gr\u00e1ficas Condal SA - Soluciones de packaging personalizadas<\/title>\n<meta name=\"robots\" content=\"index, follow, max-snippet:-1, max-image-preview:large, max-video-preview:-1\" \/>\n<link rel=\"canonical\" href=\"https:\/\/www.grafiquescondal.cat\/index.php\/fr\/2025\/01\/20\/3025\/\" \/>\n<meta property=\"og:locale\" content=\"es_ES\" \/>\n<meta property=\"og:type\" content=\"article\" \/>\n<meta property=\"og:title\" content=\"GR\u00c1FICAS CONDAL, nouveau partenaire du Beauty Cluster - Gr\u00e1ficas Condal SA - Soluciones de packaging personalizadas\" \/>\n<meta property=\"og:description\" content=\"Nous sommes ravis de partager que nous faisons d\u00e9sormais partie du Beauty Cluster ! \ud83c\udf1fGr\u00e2ce \u00e0 cette \u00e9tape, nous rejoignons un r\u00e9seau de professionnels et de marques qui r\u00e9volutionnent le monde de la beaut\u00e9. \ud83d\udc84\u2728Cela nous permettra de continuer \u00e0 grandir, innover et offrir le meilleur pour vous tous. Link WEB:\u00a020 JAN | GR\u00c1FICAS CONDAL, &hellip; GR\u00c1FICAS CONDAL, nouveau partenaire du Beauty Cluster Leer m\u00e1s &raquo;\" \/>\n<meta property=\"og:url\" content=\"https:\/\/www.grafiquescondal.cat\/index.php\/fr\/2025\/01\/20\/3025\/\" \/>\n<meta property=\"og:site_name\" content=\"Gr\u00e1ficas Condal SA - Soluciones de packaging personalizadas\" \/>\n<meta property=\"article:published_time\" content=\"2025-01-20T21:44:33+00:00\" \/>\n<meta property=\"article:modified_time\" content=\"2025-01-20T21:46:32+00:00\" \/>\n<meta property=\"og:image\" content=\"https:\/\/grafiquescondal.cat\/wp-content\/uploads\/2025\/01\/BEAUTY_CLUSTER.jpg\" \/>\n\t<meta property=\"og:image:width\" content=\"400\" \/>\n\t<meta property=\"og:image:height\" content=\"200\" \/>\n\t<meta property=\"og:image:type\" content=\"image\/jpeg\" \/>\n<meta name=\"author\" content=\"Condal Gr\u00e0fiques\" \/>\n<meta name=\"twitter:card\" content=\"summary_large_image\" \/>\n<meta name=\"twitter:label1\" content=\"Escrito por\" \/>\n\t<meta name=\"twitter:data1\" content=\"Condal Gr\u00e0fiques\" \/>\n\t<meta name=\"twitter:label2\" content=\"Tiempo de lectura\" \/>\n\t<meta name=\"twitter:data2\" content=\"1 minuto\" \/>\n<script type=\"application\/ld+json\" class=\"yoast-schema-graph\">{\"@context\":\"https:\/\/schema.org\",\"@graph\":[{\"@type\":\"Article\",\"@id\":\"https:\/\/www.grafiquescondal.cat\/index.php\/fr\/2025\/01\/20\/3025\/#article\",\"isPartOf\":{\"@id\":\"https:\/\/www.grafiquescondal.cat\/index.php\/fr\/2025\/01\/20\/3025\/\"},\"author\":{\"name\":\"Condal Gr\u00e0fiques\",\"@id\":\"https:\/\/www.grafiquescondal.cat\/#\/schema\/person\/ff07f4ad59641b42e5ba878d8fc33189\"},\"headline\":\"GR\u00c1FICAS CONDAL, nouveau partenaire du Beauty Cluster\",\"datePublished\":\"2025-01-20T21:44:33+00:00\",\"dateModified\":\"2025-01-20T21:46:32+00:00\",\"mainEntityOfPage\":{\"@id\":\"https:\/\/www.grafiquescondal.cat\/index.php\/fr\/2025\/01\/20\/3025\/\"},\"wordCount\":72,\"publisher\":{\"@id\":\"https:\/\/www.grafiquescondal.cat\/#organization\"},\"image\":{\"@id\":\"https:\/\/www.grafiquescondal.cat\/index.php\/fr\/2025\/01\/20\/3025\/#primaryimage\"},\"thumbnailUrl\":\"https:\/\/www.grafiquescondal.cat\/wp-content\/uploads\/2025\/01\/BEAUTY_CLUSTER.jpg\",\"inLanguage\":\"es\"},{\"@type\":\"WebPage\",\"@id\":\"https:\/\/www.grafiquescondal.cat\/index.php\/fr\/2025\/01\/20\/3025\/\",\"url\":\"https:\/\/www.grafiquescondal.cat\/index.php\/fr\/2025\/01\/20\/3025\/\",\"name\":\"GR\u00c1FICAS CONDAL, nouveau partenaire du Beauty Cluster - Gr\u00e1ficas Condal SA - Soluciones de packaging personalizadas\",\"isPartOf\":{\"@id\":\"https:\/\/www.grafiquescondal.cat\/#website\"},\"primaryImageOfPage\":{\"@id\":\"https:\/\/www.grafiquescondal.cat\/index.php\/fr\/2025\/01\/20\/3025\/#primaryimage\"},\"image\":{\"@id\":\"https:\/\/www.grafiquescondal.cat\/index.php\/fr\/2025\/01\/20\/3025\/#primaryimage\"},\"thumbnailUrl\":\"https:\/\/www.grafiquescondal.cat\/wp-content\/uploads\/2025\/01\/BEAUTY_CLUSTER.jpg\",\"datePublished\":\"2025-01-20T21:44:33+00:00\",\"dateModified\":\"2025-01-20T21:46:32+00:00\",\"breadcrumb\":{\"@id\":\"https:\/\/www.grafiquescondal.cat\/index.php\/fr\/2025\/01\/20\/3025\/#breadcrumb\"},\"inLanguage\":\"es\",\"potentialAction\":[{\"@type\":\"ReadAction\",\"target\":[\"https:\/\/www.grafiquescondal.cat\/index.php\/fr\/2025\/01\/20\/3025\/\"]}]},{\"@type\":\"ImageObject\",\"inLanguage\":\"es\",\"@id\":\"https:\/\/www.grafiquescondal.cat\/index.php\/fr\/2025\/01\/20\/3025\/#primaryimage\",\"url\":\"https:\/\/www.grafiquescondal.cat\/wp-content\/uploads\/2025\/01\/BEAUTY_CLUSTER.jpg\",\"contentUrl\":\"https:\/\/www.grafiquescondal.cat\/wp-content\/uploads\/2025\/01\/BEAUTY_CLUSTER.jpg\",\"width\":400,\"height\":200},{\"@type\":\"BreadcrumbList\",\"@id\":\"https:\/\/www.grafiquescondal.cat\/index.php\/fr\/2025\/01\/20\/3025\/#breadcrumb\",\"itemListElement\":[{\"@type\":\"ListItem\",\"position\":1,\"name\":\"Portada\",\"item\":\"https:\/\/www.graficascondal.com\/\"},{\"@type\":\"ListItem\",\"position\":2,\"name\":\"GR\u00c1FICAS CONDAL, nouveau partenaire du Beauty Cluster\"}]},{\"@type\":\"WebSite\",\"@id\":\"https:\/\/www.grafiquescondal.cat\/#website\",\"url\":\"https:\/\/www.grafiquescondal.cat\/\",\"name\":\"Gr\u00e1ficas Condal SA - Soluciones de packaging personalizadas\",\"description\":\"Desde hace m\u00e1s de 60 a\u00f1os, producimos soluciones de packaging personalizadas con la m\u00e1xima calidad\",\"publisher\":{\"@id\":\"https:\/\/www.grafiquescondal.cat\/#organization\"},\"alternateName\":\"Gr\u00e1ficas Condal\",\"potentialAction\":[{\"@type\":\"SearchAction\",\"target\":{\"@type\":\"EntryPoint\",\"urlTemplate\":\"https:\/\/www.grafiquescondal.cat\/?s={search_term_string}\"},\"query-input\":{\"@type\":\"PropertyValueSpecification\",\"valueRequired\":true,\"valueName\":\"search_term_string\"}}],\"inLanguage\":\"es\"},{\"@type\":\"Organization\",\"@id\":\"https:\/\/www.grafiquescondal.cat\/#organization\",\"name\":\"Gr\u00e1ficas Condal SA\",\"alternateName\":\"Gr\u00e1ficas Condal\",\"url\":\"https:\/\/www.grafiquescondal.cat\/\",\"logo\":{\"@type\":\"ImageObject\",\"inLanguage\":\"es\",\"@id\":\"https:\/\/www.grafiquescondal.cat\/#\/schema\/logo\/image\/\",\"url\":\"https:\/\/www.grafiquescondal.cat\/wp-content\/uploads\/2023\/10\/logoGC-1.png\",\"contentUrl\":\"https:\/\/www.grafiquescondal.cat\/wp-content\/uploads\/2023\/10\/logoGC-1.png\",\"width\":2048,\"height\":2183,\"caption\":\"Gr\u00e1ficas Condal SA\"},\"image\":{\"@id\":\"https:\/\/www.grafiquescondal.cat\/#\/schema\/logo\/image\/\"},\"sameAs\":[\"https:\/\/www.linkedin.com\/company\/graficas-condal-s-a-\/\"]},{\"@type\":\"Person\",\"@id\":\"https:\/\/www.grafiquescondal.cat\/#\/schema\/person\/ff07f4ad59641b42e5ba878d8fc33189\",\"name\":\"Condal Gr\u00e0fiques\",\"image\":{\"@type\":\"ImageObject\",\"inLanguage\":\"es\",\"@id\":\"https:\/\/www.grafiquescondal.cat\/#\/schema\/person\/image\/\",\"url\":\"https:\/\/secure.gravatar.com\/avatar\/246727eadb2b0f40414c5b138e0d7045d7ddcb0d07ee1f270b59afd258291305?s=96&d=mm&r=g\",\"contentUrl\":\"https:\/\/secure.gravatar.com\/avatar\/246727eadb2b0f40414c5b138e0d7045d7ddcb0d07ee1f270b59afd258291305?s=96&d=mm&r=g\",\"caption\":\"Condal Gr\u00e0fiques\"}}]}<\/script>\n<!-- \/ Yoast SEO plugin. -->","yoast_head_json":{"title":"GR\u00c1FICAS CONDAL, nouveau partenaire du Beauty Cluster - Gr\u00e1ficas Condal SA - Soluciones de packaging personalizadas","robots":{"index":"index","follow":"follow","max-snippet":"max-snippet:-1","max-image-preview":"max-image-preview:large","max-video-preview":"max-video-preview:-1"},"canonical":"https:\/\/www.grafiquescondal.cat\/index.php\/fr\/2025\/01\/20\/3025\/","og_locale":"es_ES","og_type":"article","og_title":"GR\u00c1FICAS CONDAL, nouveau partenaire du Beauty Cluster - Gr\u00e1ficas Condal SA - Soluciones de packaging personalizadas","og_description":"Nous sommes ravis de partager que nous faisons d\u00e9sormais partie du Beauty Cluster ! \ud83c\udf1fGr\u00e2ce \u00e0 cette \u00e9tape, nous rejoignons un r\u00e9seau de professionnels et de marques qui r\u00e9volutionnent le monde de la beaut\u00e9. \ud83d\udc84\u2728Cela nous permettra de continuer \u00e0 grandir, innover et offrir le meilleur pour vous tous. Link WEB:\u00a020 JAN | GR\u00c1FICAS CONDAL, &hellip; GR\u00c1FICAS CONDAL, nouveau partenaire du Beauty Cluster Leer m\u00e1s &raquo;","og_url":"https:\/\/www.grafiquescondal.cat\/index.php\/fr\/2025\/01\/20\/3025\/","og_site_name":"Gr\u00e1ficas Condal SA - Soluciones de packaging personalizadas","article_published_time":"2025-01-20T21:44:33+00:00","article_modified_time":"2025-01-20T21:46:32+00:00","og_image":[{"width":400,"height":200,"url":"https:\/\/grafiquescondal.cat\/wp-content\/uploads\/2025\/01\/BEAUTY_CLUSTER.jpg","type":"image\/jpeg"}],"author":"Condal Gr\u00e0fiques","twitter_card":"summary_large_image","twitter_misc":{"Escrito por":"Condal Gr\u00e0fiques","Tiempo de lectura":"1 minuto"},"schema":{"@context":"https:\/\/schema.org","@graph":[{"@type":"Article","@id":"https:\/\/www.grafiquescondal.cat\/index.php\/fr\/2025\/01\/20\/3025\/#article","isPartOf":{"@id":"https:\/\/www.grafiquescondal.cat\/index.php\/fr\/2025\/01\/20\/3025\/"},"author":{"name":"Condal Gr\u00e0fiques","@id":"https:\/\/www.grafiquescondal.cat\/#\/schema\/person\/ff07f4ad59641b42e5ba878d8fc33189"},"headline":"GR\u00c1FICAS CONDAL, nouveau partenaire du Beauty Cluster","datePublished":"2025-01-20T21:44:33+00:00","dateModified":"2025-01-20T21:46:32+00:00","mainEntityOfPage":{"@id":"https:\/\/www.grafiquescondal.cat\/index.php\/fr\/2025\/01\/20\/3025\/"},"wordCount":72,"publisher":{"@id":"https:\/\/www.grafiquescondal.cat\/#organization"},"image":{"@id":"https:\/\/www.grafiquescondal.cat\/index.php\/fr\/2025\/01\/20\/3025\/#primaryimage"},"thumbnailUrl":"https:\/\/www.grafiquescondal.cat\/wp-content\/uploads\/2025\/01\/BEAUTY_CLUSTER.jpg","inLanguage":"es"},{"@type":"WebPage","@id":"https:\/\/www.grafiquescondal.cat\/index.php\/fr\/2025\/01\/20\/3025\/","url":"https:\/\/www.grafiquescondal.cat\/index.php\/fr\/2025\/01\/20\/3025\/","name":"GR\u00c1FICAS CONDAL, nouveau partenaire du Beauty Cluster - Gr\u00e1ficas Condal SA - Soluciones de packaging personalizadas","isPartOf":{"@id":"https:\/\/www.grafiquescondal.cat\/#website"},"primaryImageOfPage":{"@id":"https:\/\/www.grafiquescondal.cat\/index.php\/fr\/2025\/01\/20\/3025\/#primaryimage"},"image":{"@id":"https:\/\/www.grafiquescondal.cat\/index.php\/fr\/2025\/01\/20\/3025\/#primaryimage"},"thumbnailUrl":"https:\/\/www.grafiquescondal.cat\/wp-content\/uploads\/2025\/01\/BEAUTY_CLUSTER.jpg","datePublished":"2025-01-20T21:44:33+00:00","dateModified":"2025-01-20T21:46:32+00:00","breadcrumb":{"@id":"https:\/\/www.grafiquescondal.cat\/index.php\/fr\/2025\/01\/20\/3025\/#breadcrumb"},"inLanguage":"es","potentialAction":[{"@type":"ReadAction","target":["https:\/\/www.grafiquescondal.cat\/index.php\/fr\/2025\/01\/20\/3025\/"]}]},{"@type":"ImageObject","inLanguage":"es","@id":"https:\/\/www.grafiquescondal.cat\/index.php\/fr\/2025\/01\/20\/3025\/#primaryimage","url":"https:\/\/www.grafiquescondal.cat\/wp-content\/uploads\/2025\/01\/BEAUTY_CLUSTER.jpg","contentUrl":"https:\/\/www.grafiquescondal.cat\/wp-content\/uploads\/2025\/01\/BEAUTY_CLUSTER.jpg","width":400,"height":200},{"@type":"BreadcrumbList","@id":"https:\/\/www.grafiquescondal.cat\/index.php\/fr\/2025\/01\/20\/3025\/#breadcrumb","itemListElement":[{"@type":"ListItem","position":1,"name":"Portada","item":"https:\/\/www.graficascondal.com\/"},{"@type":"ListItem","position":2,"name":"GR\u00c1FICAS CONDAL, nouveau partenaire du Beauty Cluster"}]},{"@type":"WebSite","@id":"https:\/\/www.grafiquescondal.cat\/#website","url":"https:\/\/www.grafiquescondal.cat\/","name":"Gr\u00e1ficas Condal SA - Soluciones de packaging personalizadas","description":"Desde hace m\u00e1s de 60 a\u00f1os, producimos soluciones de packaging personalizadas con la m\u00e1xima calidad","publisher":{"@id":"https:\/\/www.grafiquescondal.cat\/#organization"},"alternateName":"Gr\u00e1ficas Condal","potentialAction":[{"@type":"SearchAction","target":{"@type":"EntryPoint","urlTemplate":"https:\/\/www.grafiquescondal.cat\/?s={search_term_string}"},"query-input":{"@type":"PropertyValueSpecification","valueRequired":true,"valueName":"search_term_string"}}],"inLanguage":"es"},{"@type":"Organization","@id":"https:\/\/www.grafiquescondal.cat\/#organization","name":"Gr\u00e1ficas Condal SA","alternateName":"Gr\u00e1ficas Condal","url":"https:\/\/www.grafiquescondal.cat\/","logo":{"@type":"ImageObject","inLanguage":"es","@id":"https:\/\/www.grafiquescondal.cat\/#\/schema\/logo\/image\/","url":"https:\/\/www.grafiquescondal.cat\/wp-content\/uploads\/2023\/10\/logoGC-1.png","contentUrl":"https:\/\/www.grafiquescondal.cat\/wp-content\/uploads\/2023\/10\/logoGC-1.png","width":2048,"height":2183,"caption":"Gr\u00e1ficas Condal SA"},"image":{"@id":"https:\/\/www.grafiquescondal.cat\/#\/schema\/logo\/image\/"},"sameAs":["https:\/\/www.linkedin.com\/company\/graficas-condal-s-a-\/"]},{"@type":"Person","@id":"https:\/\/www.grafiquescondal.cat\/#\/schema\/person\/ff07f4ad59641b42e5ba878d8fc33189","name":"Condal Gr\u00e0fiques","image":{"@type":"ImageObject","inLanguage":"es","@id":"https:\/\/www.grafiquescondal.cat\/#\/schema\/person\/image\/","url":"https:\/\/secure.gravatar.com\/avatar\/246727eadb2b0f40414c5b138e0d7045d7ddcb0d07ee1f270b59afd258291305?s=96&d=mm&r=g","contentUrl":"https:\/\/secure.gravatar.com\/avatar\/246727eadb2b0f40414c5b138e0d7045d7ddcb0d07ee1f270b59afd258291305?s=96&d=mm&r=g","caption":"Condal Gr\u00e0fiques"}}]}},"uagb_featured_image_src":{"full":["https:\/\/www.grafiquescondal.cat\/wp-content\/uploads\/2025\/01\/BEAUTY_CLUSTER.jpg",400,200,false],"thumbnail":["https:\/\/www.grafiquescondal.cat\/wp-content\/uploads\/2025\/01\/BEAUTY_CLUSTER-150x150.jpg",150,150,true],"medium":["https:\/\/www.grafiquescondal.cat\/wp-content\/uploads\/2025\/01\/BEAUTY_CLUSTER-300x150.jpg",300,150,true],"medium_large":["https:\/\/www.grafiquescondal.cat\/wp-content\/uploads\/2025\/01\/BEAUTY_CLUSTER.jpg",400,200,false],"large":["https:\/\/www.grafiquescondal.cat\/wp-content\/uploads\/2025\/01\/BEAUTY_CLUSTER.jpg",400,200,false],"1536x1536":["https:\/\/www.grafiquescondal.cat\/wp-content\/uploads\/2025\/01\/BEAUTY_CLUSTER.jpg",400,200,false],"2048x2048":["https:\/\/www.grafiquescondal.cat\/wp-content\/uploads\/2025\/01\/BEAUTY_CLUSTER.jpg",400,200,false]},"uagb_author_info":{"display_name":"Condal Gr\u00e0fiques","author_link":"https:\/\/www.grafiquescondal.cat\/index.php\/author\/condal\/"},"uagb_comment_info":0,"uagb_excerpt":"Nous sommes ravis de partager que nous faisons d\u00e9sormais partie du Beauty Cluster ! \ud83c\udf1fGr\u00e2ce \u00e0 cette \u00e9tape, nous rejoignons un r\u00e9seau de professionnels et de marques qui r\u00e9volutionnent le monde de la beaut\u00e9. \ud83d\udc84\u2728Cela nous permettra de continuer \u00e0 grandir, innover et offrir le meilleur pour vous tous. Link WEB:\u00a020 JAN | GR\u00c1FICAS CONDAL,&hellip;","rttpg_featured_image_url":{"full":["https:\/\/www.grafiquescondal.cat\/wp-content\/uploads\/2025\/01\/BEAUTY_CLUSTER.jpg",400,200,false],"landscape":["https:\/\/www.grafiquescondal.cat\/wp-content\/uploads\/2025\/01\/BEAUTY_CLUSTER.jpg",400,200,false],"portraits":["https:\/\/www.grafiquescondal.cat\/wp-content\/uploads\/2025\/01\/BEAUTY_CLUSTER.jpg",400,200,false],"thumbnail":["https:\/\/www.grafiquescondal.cat\/wp-content\/uploads\/2025\/01\/BEAUTY_CLUSTER-150x150.jpg",150,150,true],"medium":["https:\/\/www.grafiquescondal.cat\/wp-content\/uploads\/2025\/01\/BEAUTY_CLUSTER-300x150.jpg",300,150,true],"large":["https:\/\/www.grafiquescondal.cat\/wp-content\/uploads\/2025\/01\/BEAUTY_CLUSTER.jpg",400,200,false],"1536x1536":["https:\/\/www.grafiquescondal.cat\/wp-content\/uploads\/2025\/01\/BEAUTY_CLUSTER.jpg",400,200,false],"2048x2048":["https:\/\/www.grafiquescondal.cat\/wp-content\/uploads\/2025\/01\/BEAUTY_CLUSTER.jpg",400,200,false]},"rttpg_author":{"display_name":"Condal Gr\u00e0fiques","author_link":"https:\/\/www.grafiquescondal.cat\/index.php\/author\/condal\/"},"rttpg_comment":0,"rttpg_category":"<a href=\"https:\/\/www.grafiquescondal.cat\/index.php\/fr\/category\/sin-categoria-fr\/\" rel=\"category tag\">Sin categor\u00eda<\/a>","rttpg_excerpt":"Nous sommes ravis de partager que nous faisons d\u00e9sormais partie du Beauty Cluster ! \ud83c\udf1fGr\u00e2ce \u00e0 cette \u00e9tape, nous rejoignons un r\u00e9seau de professionnels et de marques qui r\u00e9volutionnent le monde de la beaut\u00e9. \ud83d\udc84\u2728Cela nous permettra de continuer \u00e0 grandir, innover et offrir le meilleur pour vous tous. Link WEB:\u00a020 JAN | GR\u00c1FICAS CONDAL,&hellip;","_links":{"self":[{"href":"https:\/\/www.grafiquescondal.cat\/index.php\/wp-json\/wp\/v2\/posts\/3025","targetHints":{"allow":["GET"]}}],"collection":[{"href":"https:\/\/www.grafiquescondal.cat\/index.php\/wp-json\/wp\/v2\/posts"}],"about":[{"href":"https:\/\/www.grafiquescondal.cat\/index.php\/wp-json\/wp\/v2\/types\/post"}],"author":[{"embeddable":true,"href":"https:\/\/www.grafiquescondal.cat\/index.php\/wp-json\/wp\/v2\/users\/2"}],"replies":[{"embeddable":true,"href":"https:\/\/www.grafiquescondal.cat\/index.php\/wp-json\/wp\/v2\/comments?post=3025"}],"version-history":[{"count":2,"href":"https:\/\/www.grafiquescondal.cat\/index.php\/wp-json\/wp\/v2\/posts\/3025\/revisions"}],"predecessor-version":[{"id":3032,"href":"https:\/\/www.grafiquescondal.cat\/index.php\/wp-json\/wp\/v2\/posts\/3025\/revisions\/3032"}],"wp:featuredmedia":[{"embeddable":true,"href":"https:\/\/www.grafiquescondal.cat\/index.php\/wp-json\/wp\/v2\/media\/3012"}],"wp:attachment":[{"href":"https:\/\/www.grafiquescondal.cat\/index.php\/wp-json\/wp\/v2\/media?parent=3025"}],"wp:term":[{"taxonomy":"category","embeddable":true,"href":"https:\/\/www.grafiquescondal.cat\/index.php\/wp-json\/wp\/v2\/categories?post=3025"},{"taxonomy":"post_tag","embeddable":true,"href":"https:\/\/www.grafiquescondal.cat\/index.php\/wp-json\/wp\/v2\/tags?post=3025"}],"curies":[{"name":"wp","href":"https:\/\/api.w.org\/{rel}","templated":true}]}}