{"id":2785,"date":"2023-12-05T14:45:02","date_gmt":"2023-12-05T14:45:02","guid":{"rendered":"https:\/\/grafiquescondal.cat\/?p=2785"},"modified":"2023-12-05T15:06:49","modified_gmt":"2023-12-05T15:06:49","slug":"nouveau-systeme-de-controle-de-couleur","status":"publish","type":"post","link":"https:\/\/www.grafiquescondal.cat\/index.php\/fr\/2023\/12\/05\/nouveau-systeme-de-controle-de-couleur\/","title":{"rendered":"Nouveau syst\u00e8me de contr\u00f4le de couleur"},"content":{"rendered":"\n<p>Nous sommes ravis de vous informer que nous venons d&#8217;installer sur notre machine d&#8217;impression ROLAND 700 le syst\u00e8me le plus avanc\u00e9 du march\u00e9 pour la gestion et le contr\u00f4le des couleurs.<\/p>\n\n\n\n<p>La spectrocolorim\u00e9trie en ligne, reliant la pr\u00e9-impression et l&#8217;impression, nous permet d&#8217;imprimer conform\u00e9ment \u00e0 la norme ISO 12647\/2, qui r\u00e9gule la gestion des couleurs dans la production de produits imprim\u00e9s. Ainsi, nous travaillons avec des normes fiables pour les nouveaux produits et am\u00e9liorons la stabilit\u00e9 des couleurs dans les r\u00e9p\u00e9titions et\/ou la stabilit\u00e9 des couleurs communes selon les diff\u00e9rentes lignes de produits de la marque.<\/p>\n\n\n\n<p>Nous continuons \u00e0 travailler pour am\u00e9liorer constamment notre offre en termes de qualit\u00e9, de service et de d\u00e9lais, tout en construisant des relations solides et fiables.<\/p>\n\n\n\n<p>Pouvons-nous vous \u00eatre utiles ?<\/p>\n\n\n\n<figure class=\"wp-block-image size-full\"><img fetchpriority=\"high\" decoding=\"async\" width=\"1024\" height=\"482\" src=\"https:\/\/grafiquescondal.cat\/wp-content\/uploads\/2023\/12\/image.png\" alt=\"\" class=\"wp-image-2788\"\/><\/figure>\n","protected":false},"excerpt":{"rendered":"<p>Nous sommes ravis de vous informer que nous venons d&#8217;installer sur notre machine d&#8217;impression ROLAND 700 le syst\u00e8me le plus avanc\u00e9 du march\u00e9 pour la gestion et le contr\u00f4le des couleurs. La spectrocolorim\u00e9trie en ligne, reliant la pr\u00e9-impression et l&#8217;impression, nous permet d&#8217;imprimer conform\u00e9ment \u00e0 la norme ISO 12647\/2, qui r\u00e9gule la gestion des couleurs &hellip;<\/p>\n<p class=\"read-more\"> <a class=\"\" href=\"https:\/\/www.grafiquescondal.cat\/index.php\/fr\/2023\/12\/05\/nouveau-systeme-de-controle-de-couleur\/\"> <span class=\"screen-reader-text\">Nouveau syst\u00e8me de contr\u00f4le de couleur<\/span> Leer m\u00e1s &raquo;<\/a><\/p>\n","protected":false},"author":2,"featured_media":2758,"comment_status":"closed","ping_status":"closed","sticky":false,"template":"","format":"standard","meta":{"_uag_custom_page_level_css":"","site-sidebar-layout":"default","site-content-layout":"","ast-site-content-layout":"default","site-content-style":"default","site-sidebar-style":"default","ast-global-header-display":"","ast-banner-title-visibility":"","ast-main-header-display":"","ast-hfb-above-header-display":"","ast-hfb-below-header-display":"","ast-hfb-mobile-header-display":"","site-post-title":"","ast-breadcrumbs-content":"","ast-featured-img":"","footer-sml-layout":"","theme-transparent-header-meta":"","adv-header-id-meta":"","stick-header-meta":"","header-above-stick-meta":"","header-main-stick-meta":"","header-below-stick-meta":"","astra-migrate-meta-layouts":"set","ast-page-background-enabled":"default","ast-page-background-meta":{"desktop":{"background-color":"var(--ast-global-color-4)","background-image":"","background-repeat":"repeat","background-position":"center center","background-size":"auto","background-attachment":"scroll","background-type":"","background-media":"","overlay-type":"","overlay-color":"","overlay-gradient":""},"tablet":{"background-color":"","background-image":"","background-repeat":"repeat","background-position":"center center","background-size":"auto","background-attachment":"scroll","background-type":"","background-media":"","overlay-type":"","overlay-color":"","overlay-gradient":""},"mobile":{"background-color":"","background-image":"","background-repeat":"repeat","background-position":"center center","background-size":"auto","background-attachment":"scroll","background-type":"","background-media":"","overlay-type":"","overlay-color":"","overlay-gradient":""}},"ast-content-background-meta":{"desktop":{"background-color":"var(--ast-global-color-5)","background-image":"","background-repeat":"repeat","background-position":"center center","background-size":"auto","background-attachment":"scroll","background-type":"","background-media":"","overlay-type":"","overlay-color":"","overlay-gradient":""},"tablet":{"background-color":"var(--ast-global-color-5)","background-image":"","background-repeat":"repeat","background-position":"center center","background-size":"auto","background-attachment":"scroll","background-type":"","background-media":"","overlay-type":"","overlay-color":"","overlay-gradient":""},"mobile":{"background-color":"var(--ast-global-color-5)","background-image":"","background-repeat":"repeat","background-position":"center center","background-size":"auto","background-attachment":"scroll","background-type":"","background-media":"","overlay-type":"","overlay-color":"","overlay-gradient":""}},"_themeisle_gutenberg_block_has_review":false,"footnotes":""},"categories":[48],"tags":[],"class_list":["post-2785","post","type-post","status-publish","format-standard","has-post-thumbnail","hentry","category-calidad"],"yoast_head":"<!-- This site is optimized with the Yoast SEO plugin v24.0 - https:\/\/yoast.com\/wordpress\/plugins\/seo\/ -->\n<title>Nouveau syst\u00e8me de contr\u00f4le de couleur - Gr\u00e1ficas Condal SA - Soluciones de packaging personalizadas<\/title>\n<meta name=\"robots\" content=\"index, follow, max-snippet:-1, max-image-preview:large, max-video-preview:-1\" \/>\n<link rel=\"canonical\" href=\"https:\/\/www.grafiquescondal.cat\/index.php\/fr\/2023\/12\/05\/nouveau-systeme-de-controle-de-couleur\/\" \/>\n<meta property=\"og:locale\" content=\"es_ES\" \/>\n<meta property=\"og:type\" content=\"article\" \/>\n<meta property=\"og:title\" content=\"Nouveau syst\u00e8me de contr\u00f4le de couleur - Gr\u00e1ficas Condal SA - Soluciones de packaging personalizadas\" \/>\n<meta property=\"og:description\" content=\"Nous sommes ravis de vous informer que nous venons d&#8217;installer sur notre machine d&#8217;impression ROLAND 700 le syst\u00e8me le plus avanc\u00e9 du march\u00e9 pour la gestion et le contr\u00f4le des couleurs. La spectrocolorim\u00e9trie en ligne, reliant la pr\u00e9-impression et l&#8217;impression, nous permet d&#8217;imprimer conform\u00e9ment \u00e0 la norme ISO 12647\/2, qui r\u00e9gule la gestion des couleurs &hellip; Nouveau syst\u00e8me de contr\u00f4le de couleur Leer m\u00e1s &raquo;\" \/>\n<meta property=\"og:url\" content=\"https:\/\/www.grafiquescondal.cat\/index.php\/fr\/2023\/12\/05\/nouveau-systeme-de-controle-de-couleur\/\" \/>\n<meta property=\"og:site_name\" content=\"Gr\u00e1ficas Condal SA - Soluciones de packaging personalizadas\" \/>\n<meta property=\"article:published_time\" content=\"2023-12-05T14:45:02+00:00\" \/>\n<meta property=\"article:modified_time\" content=\"2023-12-05T15:06:49+00:00\" \/>\n<meta property=\"og:image\" content=\"https:\/\/graficascondal.com\/wp-content\/uploads\/2023\/11\/NOTICIA-CONTROL-COLOR.png\" \/>\n\t<meta property=\"og:image:width\" content=\"583\" \/>\n\t<meta property=\"og:image:height\" content=\"186\" \/>\n\t<meta property=\"og:image:type\" content=\"image\/png\" \/>\n<meta name=\"author\" content=\"Condal Gr\u00e0fiques\" \/>\n<meta name=\"twitter:card\" content=\"summary_large_image\" \/>\n<meta name=\"twitter:label1\" content=\"Escrito por\" \/>\n\t<meta name=\"twitter:data1\" content=\"Condal Gr\u00e0fiques\" \/>\n\t<meta name=\"twitter:label2\" content=\"Tiempo de lectura\" \/>\n\t<meta name=\"twitter:data2\" content=\"1 minuto\" \/>\n<script type=\"application\/ld+json\" class=\"yoast-schema-graph\">{\"@context\":\"https:\/\/schema.org\",\"@graph\":[{\"@type\":\"Article\",\"@id\":\"https:\/\/www.grafiquescondal.cat\/index.php\/fr\/2023\/12\/05\/nouveau-systeme-de-controle-de-couleur\/#article\",\"isPartOf\":{\"@id\":\"https:\/\/www.grafiquescondal.cat\/index.php\/fr\/2023\/12\/05\/nouveau-systeme-de-controle-de-couleur\/\"},\"author\":{\"name\":\"Condal Gr\u00e0fiques\",\"@id\":\"https:\/\/www.grafiquescondal.cat\/#\/schema\/person\/ff07f4ad59641b42e5ba878d8fc33189\"},\"headline\":\"Nouveau syst\u00e8me de contr\u00f4le de couleur\",\"datePublished\":\"2023-12-05T14:45:02+00:00\",\"dateModified\":\"2023-12-05T15:06:49+00:00\",\"mainEntityOfPage\":{\"@id\":\"https:\/\/www.grafiquescondal.cat\/index.php\/fr\/2023\/12\/05\/nouveau-systeme-de-controle-de-couleur\/\"},\"wordCount\":144,\"publisher\":{\"@id\":\"https:\/\/www.grafiquescondal.cat\/#organization\"},\"image\":{\"@id\":\"https:\/\/www.grafiquescondal.cat\/index.php\/fr\/2023\/12\/05\/nouveau-systeme-de-controle-de-couleur\/#primaryimage\"},\"thumbnailUrl\":\"https:\/\/www.grafiquescondal.cat\/wp-content\/uploads\/2023\/11\/NOTICIA-CONTROL-COLOR.png\",\"articleSection\":[\"Calidad\"],\"inLanguage\":\"es\"},{\"@type\":\"WebPage\",\"@id\":\"https:\/\/www.grafiquescondal.cat\/index.php\/fr\/2023\/12\/05\/nouveau-systeme-de-controle-de-couleur\/\",\"url\":\"https:\/\/www.grafiquescondal.cat\/index.php\/fr\/2023\/12\/05\/nouveau-systeme-de-controle-de-couleur\/\",\"name\":\"Nouveau syst\u00e8me de contr\u00f4le de couleur - Gr\u00e1ficas Condal SA - Soluciones de packaging personalizadas\",\"isPartOf\":{\"@id\":\"https:\/\/www.grafiquescondal.cat\/#website\"},\"primaryImageOfPage\":{\"@id\":\"https:\/\/www.grafiquescondal.cat\/index.php\/fr\/2023\/12\/05\/nouveau-systeme-de-controle-de-couleur\/#primaryimage\"},\"image\":{\"@id\":\"https:\/\/www.grafiquescondal.cat\/index.php\/fr\/2023\/12\/05\/nouveau-systeme-de-controle-de-couleur\/#primaryimage\"},\"thumbnailUrl\":\"https:\/\/www.grafiquescondal.cat\/wp-content\/uploads\/2023\/11\/NOTICIA-CONTROL-COLOR.png\",\"datePublished\":\"2023-12-05T14:45:02+00:00\",\"dateModified\":\"2023-12-05T15:06:49+00:00\",\"breadcrumb\":{\"@id\":\"https:\/\/www.grafiquescondal.cat\/index.php\/fr\/2023\/12\/05\/nouveau-systeme-de-controle-de-couleur\/#breadcrumb\"},\"inLanguage\":\"es\",\"potentialAction\":[{\"@type\":\"ReadAction\",\"target\":[\"https:\/\/www.grafiquescondal.cat\/index.php\/fr\/2023\/12\/05\/nouveau-systeme-de-controle-de-couleur\/\"]}]},{\"@type\":\"ImageObject\",\"inLanguage\":\"es\",\"@id\":\"https:\/\/www.grafiquescondal.cat\/index.php\/fr\/2023\/12\/05\/nouveau-systeme-de-controle-de-couleur\/#primaryimage\",\"url\":\"https:\/\/www.grafiquescondal.cat\/wp-content\/uploads\/2023\/11\/NOTICIA-CONTROL-COLOR.png\",\"contentUrl\":\"https:\/\/www.grafiquescondal.cat\/wp-content\/uploads\/2023\/11\/NOTICIA-CONTROL-COLOR.png\",\"width\":583,\"height\":186},{\"@type\":\"BreadcrumbList\",\"@id\":\"https:\/\/www.grafiquescondal.cat\/index.php\/fr\/2023\/12\/05\/nouveau-systeme-de-controle-de-couleur\/#breadcrumb\",\"itemListElement\":[{\"@type\":\"ListItem\",\"position\":1,\"name\":\"Portada\",\"item\":\"https:\/\/www.graficascondal.com\/\"},{\"@type\":\"ListItem\",\"position\":2,\"name\":\"Nouveau syst\u00e8me de contr\u00f4le de couleur\"}]},{\"@type\":\"WebSite\",\"@id\":\"https:\/\/www.grafiquescondal.cat\/#website\",\"url\":\"https:\/\/www.grafiquescondal.cat\/\",\"name\":\"Gr\u00e1ficas Condal SA - Soluciones de packaging personalizadas\",\"description\":\"Desde hace m\u00e1s de 60 a\u00f1os, producimos soluciones de packaging personalizadas con la m\u00e1xima calidad\",\"publisher\":{\"@id\":\"https:\/\/www.grafiquescondal.cat\/#organization\"},\"alternateName\":\"Gr\u00e1ficas Condal\",\"potentialAction\":[{\"@type\":\"SearchAction\",\"target\":{\"@type\":\"EntryPoint\",\"urlTemplate\":\"https:\/\/www.grafiquescondal.cat\/?s={search_term_string}\"},\"query-input\":{\"@type\":\"PropertyValueSpecification\",\"valueRequired\":true,\"valueName\":\"search_term_string\"}}],\"inLanguage\":\"es\"},{\"@type\":\"Organization\",\"@id\":\"https:\/\/www.grafiquescondal.cat\/#organization\",\"name\":\"Gr\u00e1ficas Condal SA\",\"alternateName\":\"Gr\u00e1ficas Condal\",\"url\":\"https:\/\/www.grafiquescondal.cat\/\",\"logo\":{\"@type\":\"ImageObject\",\"inLanguage\":\"es\",\"@id\":\"https:\/\/www.grafiquescondal.cat\/#\/schema\/logo\/image\/\",\"url\":\"https:\/\/www.grafiquescondal.cat\/wp-content\/uploads\/2023\/10\/logoGC-1.png\",\"contentUrl\":\"https:\/\/www.grafiquescondal.cat\/wp-content\/uploads\/2023\/10\/logoGC-1.png\",\"width\":2048,\"height\":2183,\"caption\":\"Gr\u00e1ficas Condal SA\"},\"image\":{\"@id\":\"https:\/\/www.grafiquescondal.cat\/#\/schema\/logo\/image\/\"},\"sameAs\":[\"https:\/\/www.linkedin.com\/company\/graficas-condal-s-a-\/\"]},{\"@type\":\"Person\",\"@id\":\"https:\/\/www.grafiquescondal.cat\/#\/schema\/person\/ff07f4ad59641b42e5ba878d8fc33189\",\"name\":\"Condal Gr\u00e0fiques\",\"image\":{\"@type\":\"ImageObject\",\"inLanguage\":\"es\",\"@id\":\"https:\/\/www.grafiquescondal.cat\/#\/schema\/person\/image\/\",\"url\":\"https:\/\/secure.gravatar.com\/avatar\/246727eadb2b0f40414c5b138e0d7045d7ddcb0d07ee1f270b59afd258291305?s=96&d=mm&r=g\",\"contentUrl\":\"https:\/\/secure.gravatar.com\/avatar\/246727eadb2b0f40414c5b138e0d7045d7ddcb0d07ee1f270b59afd258291305?s=96&d=mm&r=g\",\"caption\":\"Condal Gr\u00e0fiques\"}}]}<\/script>\n<!-- \/ Yoast SEO plugin. -->","yoast_head_json":{"title":"Nouveau syst\u00e8me de contr\u00f4le de couleur - Gr\u00e1ficas Condal SA - Soluciones de packaging personalizadas","robots":{"index":"index","follow":"follow","max-snippet":"max-snippet:-1","max-image-preview":"max-image-preview:large","max-video-preview":"max-video-preview:-1"},"canonical":"https:\/\/www.grafiquescondal.cat\/index.php\/fr\/2023\/12\/05\/nouveau-systeme-de-controle-de-couleur\/","og_locale":"es_ES","og_type":"article","og_title":"Nouveau syst\u00e8me de contr\u00f4le de couleur - Gr\u00e1ficas Condal SA - Soluciones de packaging personalizadas","og_description":"Nous sommes ravis de vous informer que nous venons d&#8217;installer sur notre machine d&#8217;impression ROLAND 700 le syst\u00e8me le plus avanc\u00e9 du march\u00e9 pour la gestion et le contr\u00f4le des couleurs. La spectrocolorim\u00e9trie en ligne, reliant la pr\u00e9-impression et l&#8217;impression, nous permet d&#8217;imprimer conform\u00e9ment \u00e0 la norme ISO 12647\/2, qui r\u00e9gule la gestion des couleurs &hellip; Nouveau syst\u00e8me de contr\u00f4le de couleur Leer m\u00e1s &raquo;","og_url":"https:\/\/www.grafiquescondal.cat\/index.php\/fr\/2023\/12\/05\/nouveau-systeme-de-controle-de-couleur\/","og_site_name":"Gr\u00e1ficas Condal SA - Soluciones de packaging personalizadas","article_published_time":"2023-12-05T14:45:02+00:00","article_modified_time":"2023-12-05T15:06:49+00:00","og_image":[{"width":583,"height":186,"url":"https:\/\/graficascondal.com\/wp-content\/uploads\/2023\/11\/NOTICIA-CONTROL-COLOR.png","type":"image\/png"}],"author":"Condal Gr\u00e0fiques","twitter_card":"summary_large_image","twitter_misc":{"Escrito por":"Condal Gr\u00e0fiques","Tiempo de lectura":"1 minuto"},"schema":{"@context":"https:\/\/schema.org","@graph":[{"@type":"Article","@id":"https:\/\/www.grafiquescondal.cat\/index.php\/fr\/2023\/12\/05\/nouveau-systeme-de-controle-de-couleur\/#article","isPartOf":{"@id":"https:\/\/www.grafiquescondal.cat\/index.php\/fr\/2023\/12\/05\/nouveau-systeme-de-controle-de-couleur\/"},"author":{"name":"Condal Gr\u00e0fiques","@id":"https:\/\/www.grafiquescondal.cat\/#\/schema\/person\/ff07f4ad59641b42e5ba878d8fc33189"},"headline":"Nouveau syst\u00e8me de contr\u00f4le de couleur","datePublished":"2023-12-05T14:45:02+00:00","dateModified":"2023-12-05T15:06:49+00:00","mainEntityOfPage":{"@id":"https:\/\/www.grafiquescondal.cat\/index.php\/fr\/2023\/12\/05\/nouveau-systeme-de-controle-de-couleur\/"},"wordCount":144,"publisher":{"@id":"https:\/\/www.grafiquescondal.cat\/#organization"},"image":{"@id":"https:\/\/www.grafiquescondal.cat\/index.php\/fr\/2023\/12\/05\/nouveau-systeme-de-controle-de-couleur\/#primaryimage"},"thumbnailUrl":"https:\/\/www.grafiquescondal.cat\/wp-content\/uploads\/2023\/11\/NOTICIA-CONTROL-COLOR.png","articleSection":["Calidad"],"inLanguage":"es"},{"@type":"WebPage","@id":"https:\/\/www.grafiquescondal.cat\/index.php\/fr\/2023\/12\/05\/nouveau-systeme-de-controle-de-couleur\/","url":"https:\/\/www.grafiquescondal.cat\/index.php\/fr\/2023\/12\/05\/nouveau-systeme-de-controle-de-couleur\/","name":"Nouveau syst\u00e8me de contr\u00f4le de couleur - Gr\u00e1ficas Condal SA - Soluciones de packaging personalizadas","isPartOf":{"@id":"https:\/\/www.grafiquescondal.cat\/#website"},"primaryImageOfPage":{"@id":"https:\/\/www.grafiquescondal.cat\/index.php\/fr\/2023\/12\/05\/nouveau-systeme-de-controle-de-couleur\/#primaryimage"},"image":{"@id":"https:\/\/www.grafiquescondal.cat\/index.php\/fr\/2023\/12\/05\/nouveau-systeme-de-controle-de-couleur\/#primaryimage"},"thumbnailUrl":"https:\/\/www.grafiquescondal.cat\/wp-content\/uploads\/2023\/11\/NOTICIA-CONTROL-COLOR.png","datePublished":"2023-12-05T14:45:02+00:00","dateModified":"2023-12-05T15:06:49+00:00","breadcrumb":{"@id":"https:\/\/www.grafiquescondal.cat\/index.php\/fr\/2023\/12\/05\/nouveau-systeme-de-controle-de-couleur\/#breadcrumb"},"inLanguage":"es","potentialAction":[{"@type":"ReadAction","target":["https:\/\/www.grafiquescondal.cat\/index.php\/fr\/2023\/12\/05\/nouveau-systeme-de-controle-de-couleur\/"]}]},{"@type":"ImageObject","inLanguage":"es","@id":"https:\/\/www.grafiquescondal.cat\/index.php\/fr\/2023\/12\/05\/nouveau-systeme-de-controle-de-couleur\/#primaryimage","url":"https:\/\/www.grafiquescondal.cat\/wp-content\/uploads\/2023\/11\/NOTICIA-CONTROL-COLOR.png","contentUrl":"https:\/\/www.grafiquescondal.cat\/wp-content\/uploads\/2023\/11\/NOTICIA-CONTROL-COLOR.png","width":583,"height":186},{"@type":"BreadcrumbList","@id":"https:\/\/www.grafiquescondal.cat\/index.php\/fr\/2023\/12\/05\/nouveau-systeme-de-controle-de-couleur\/#breadcrumb","itemListElement":[{"@type":"ListItem","position":1,"name":"Portada","item":"https:\/\/www.graficascondal.com\/"},{"@type":"ListItem","position":2,"name":"Nouveau syst\u00e8me de contr\u00f4le de couleur"}]},{"@type":"WebSite","@id":"https:\/\/www.grafiquescondal.cat\/#website","url":"https:\/\/www.grafiquescondal.cat\/","name":"Gr\u00e1ficas Condal SA - Soluciones de packaging personalizadas","description":"Desde hace m\u00e1s de 60 a\u00f1os, producimos soluciones de packaging personalizadas con la m\u00e1xima calidad","publisher":{"@id":"https:\/\/www.grafiquescondal.cat\/#organization"},"alternateName":"Gr\u00e1ficas Condal","potentialAction":[{"@type":"SearchAction","target":{"@type":"EntryPoint","urlTemplate":"https:\/\/www.grafiquescondal.cat\/?s={search_term_string}"},"query-input":{"@type":"PropertyValueSpecification","valueRequired":true,"valueName":"search_term_string"}}],"inLanguage":"es"},{"@type":"Organization","@id":"https:\/\/www.grafiquescondal.cat\/#organization","name":"Gr\u00e1ficas Condal SA","alternateName":"Gr\u00e1ficas Condal","url":"https:\/\/www.grafiquescondal.cat\/","logo":{"@type":"ImageObject","inLanguage":"es","@id":"https:\/\/www.grafiquescondal.cat\/#\/schema\/logo\/image\/","url":"https:\/\/www.grafiquescondal.cat\/wp-content\/uploads\/2023\/10\/logoGC-1.png","contentUrl":"https:\/\/www.grafiquescondal.cat\/wp-content\/uploads\/2023\/10\/logoGC-1.png","width":2048,"height":2183,"caption":"Gr\u00e1ficas Condal SA"},"image":{"@id":"https:\/\/www.grafiquescondal.cat\/#\/schema\/logo\/image\/"},"sameAs":["https:\/\/www.linkedin.com\/company\/graficas-condal-s-a-\/"]},{"@type":"Person","@id":"https:\/\/www.grafiquescondal.cat\/#\/schema\/person\/ff07f4ad59641b42e5ba878d8fc33189","name":"Condal Gr\u00e0fiques","image":{"@type":"ImageObject","inLanguage":"es","@id":"https:\/\/www.grafiquescondal.cat\/#\/schema\/person\/image\/","url":"https:\/\/secure.gravatar.com\/avatar\/246727eadb2b0f40414c5b138e0d7045d7ddcb0d07ee1f270b59afd258291305?s=96&d=mm&r=g","contentUrl":"https:\/\/secure.gravatar.com\/avatar\/246727eadb2b0f40414c5b138e0d7045d7ddcb0d07ee1f270b59afd258291305?s=96&d=mm&r=g","caption":"Condal Gr\u00e0fiques"}}]}},"uagb_featured_image_src":{"full":["https:\/\/www.grafiquescondal.cat\/wp-content\/uploads\/2023\/11\/NOTICIA-CONTROL-COLOR.png",583,186,false],"thumbnail":["https:\/\/www.grafiquescondal.cat\/wp-content\/uploads\/2023\/11\/NOTICIA-CONTROL-COLOR-150x150.png",150,150,true],"medium":["https:\/\/www.grafiquescondal.cat\/wp-content\/uploads\/2023\/11\/NOTICIA-CONTROL-COLOR-300x96.png",300,96,true],"medium_large":["https:\/\/www.grafiquescondal.cat\/wp-content\/uploads\/2023\/11\/NOTICIA-CONTROL-COLOR.png",583,186,false],"large":["https:\/\/www.grafiquescondal.cat\/wp-content\/uploads\/2023\/11\/NOTICIA-CONTROL-COLOR.png",583,186,false],"1536x1536":["https:\/\/www.grafiquescondal.cat\/wp-content\/uploads\/2023\/11\/NOTICIA-CONTROL-COLOR.png",583,186,false],"2048x2048":["https:\/\/www.grafiquescondal.cat\/wp-content\/uploads\/2023\/11\/NOTICIA-CONTROL-COLOR.png",583,186,false]},"uagb_author_info":{"display_name":"Condal Gr\u00e0fiques","author_link":"https:\/\/www.grafiquescondal.cat\/index.php\/author\/condal\/"},"uagb_comment_info":0,"uagb_excerpt":"Nous sommes ravis de vous informer que nous venons d&#8217;installer sur notre machine d&#8217;impression ROLAND 700 le syst\u00e8me le plus avanc\u00e9 du march\u00e9 pour la gestion et le contr\u00f4le des couleurs. La spectrocolorim\u00e9trie en ligne, reliant la pr\u00e9-impression et l&#8217;impression, nous permet d&#8217;imprimer conform\u00e9ment \u00e0 la norme ISO 12647\/2, qui r\u00e9gule la gestion des couleurs&hellip;","rttpg_featured_image_url":{"full":["https:\/\/www.grafiquescondal.cat\/wp-content\/uploads\/2023\/11\/NOTICIA-CONTROL-COLOR.png",583,186,false],"landscape":["https:\/\/www.grafiquescondal.cat\/wp-content\/uploads\/2023\/11\/NOTICIA-CONTROL-COLOR.png",583,186,false],"portraits":["https:\/\/www.grafiquescondal.cat\/wp-content\/uploads\/2023\/11\/NOTICIA-CONTROL-COLOR.png",583,186,false],"thumbnail":["https:\/\/www.grafiquescondal.cat\/wp-content\/uploads\/2023\/11\/NOTICIA-CONTROL-COLOR-150x150.png",150,150,true],"medium":["https:\/\/www.grafiquescondal.cat\/wp-content\/uploads\/2023\/11\/NOTICIA-CONTROL-COLOR-300x96.png",300,96,true],"large":["https:\/\/www.grafiquescondal.cat\/wp-content\/uploads\/2023\/11\/NOTICIA-CONTROL-COLOR.png",583,186,false],"1536x1536":["https:\/\/www.grafiquescondal.cat\/wp-content\/uploads\/2023\/11\/NOTICIA-CONTROL-COLOR.png",583,186,false],"2048x2048":["https:\/\/www.grafiquescondal.cat\/wp-content\/uploads\/2023\/11\/NOTICIA-CONTROL-COLOR.png",583,186,false]},"rttpg_author":{"display_name":"Condal Gr\u00e0fiques","author_link":"https:\/\/www.grafiquescondal.cat\/index.php\/author\/condal\/"},"rttpg_comment":0,"rttpg_category":"<a href=\"https:\/\/www.grafiquescondal.cat\/index.php\/fr\/category\/calidad\/\" rel=\"category tag\">Calidad<\/a>","rttpg_excerpt":"Nous sommes ravis de vous informer que nous venons d&#8217;installer sur notre machine d&#8217;impression ROLAND 700 le syst\u00e8me le plus avanc\u00e9 du march\u00e9 pour la gestion et le contr\u00f4le des couleurs. La spectrocolorim\u00e9trie en ligne, reliant la pr\u00e9-impression et l&#8217;impression, nous permet d&#8217;imprimer conform\u00e9ment \u00e0 la norme ISO 12647\/2, qui r\u00e9gule la gestion des couleurs&hellip;","_links":{"self":[{"href":"https:\/\/www.grafiquescondal.cat\/index.php\/wp-json\/wp\/v2\/posts\/2785","targetHints":{"allow":["GET"]}}],"collection":[{"href":"https:\/\/www.grafiquescondal.cat\/index.php\/wp-json\/wp\/v2\/posts"}],"about":[{"href":"https:\/\/www.grafiquescondal.cat\/index.php\/wp-json\/wp\/v2\/types\/post"}],"author":[{"embeddable":true,"href":"https:\/\/www.grafiquescondal.cat\/index.php\/wp-json\/wp\/v2\/users\/2"}],"replies":[{"embeddable":true,"href":"https:\/\/www.grafiquescondal.cat\/index.php\/wp-json\/wp\/v2\/comments?post=2785"}],"version-history":[{"count":3,"href":"https:\/\/www.grafiquescondal.cat\/index.php\/wp-json\/wp\/v2\/posts\/2785\/revisions"}],"predecessor-version":[{"id":2789,"href":"https:\/\/www.grafiquescondal.cat\/index.php\/wp-json\/wp\/v2\/posts\/2785\/revisions\/2789"}],"wp:featuredmedia":[{"embeddable":true,"href":"https:\/\/www.grafiquescondal.cat\/index.php\/wp-json\/wp\/v2\/media\/2758"}],"wp:attachment":[{"href":"https:\/\/www.grafiquescondal.cat\/index.php\/wp-json\/wp\/v2\/media?parent=2785"}],"wp:term":[{"taxonomy":"category","embeddable":true,"href":"https:\/\/www.grafiquescondal.cat\/index.php\/wp-json\/wp\/v2\/categories?post=2785"},{"taxonomy":"post_tag","embeddable":true,"href":"https:\/\/www.grafiquescondal.cat\/index.php\/wp-json\/wp\/v2\/tags?post=2785"}],"curies":[{"name":"wp","href":"https:\/\/api.w.org\/{rel}","templated":true}]}}